{"id":1105,"date":"2025-03-13T10:40:14","date_gmt":"2025-03-13T13:40:14","guid":{"rendered":"https:\/\/ifap.org.br\/?p=1105"},"modified":"2025-03-13T10:40:14","modified_gmt":"2025-03-13T13:40:14","slug":"irmandade-sao-judas-tadeu-em-lages-sc-realiza-retiro-sobre-a-espiritualidade-franciscana","status":"publish","type":"post","link":"https:\/\/ifap.org.br\/index.php\/2025\/03\/13\/irmandade-sao-judas-tadeu-em-lages-sc-realiza-retiro-sobre-a-espiritualidade-franciscana\/","title":{"rendered":"Irmandade S\u00e3o Judas Tadeu, em Lages (SC), realiza retiro sobre a espiritualidade franciscana"},"content":{"rendered":"\n<figure class=\"wp-block-image size-large\"><img fetchpriority=\"high\" decoding=\"async\" width=\"1024\" height=\"650\" src=\"https:\/\/ifap.org.br\/wp-content\/uploads\/2025\/03\/1-2-1024x650.png\" alt=\"\" class=\"wp-image-1107\" srcset=\"https:\/\/ifap.org.br\/wp-content\/uploads\/2025\/03\/1-2-1024x650.png 1024w, https:\/\/ifap.org.br\/wp-content\/uploads\/2025\/03\/1-2-300x191.png 300w, https:\/\/ifap.org.br\/wp-content\/uploads\/2025\/03\/1-2-768x488.png 768w, https:\/\/ifap.org.br\/wp-content\/uploads\/2025\/03\/1-2.png 1200w\" sizes=\"(max-width: 1024px) 100vw, 1024px\" \/><figcaption class=\"wp-element-caption\">Foto: IFAP \/ Divulga\u00e7\u00e3o.<\/figcaption><\/figure>\n\n\n\n<p>Na quarta-feira de fevereiro, 19 de fevereiro, a <strong>Irmandade S\u00e3o Judas Tadeu<\/strong>, do bairro Copacabana, em Lages (SC), viveu um dia especial de recolhimento e espiritualidade. O retiro aconteceu na Pousada Ref\u00fagio do Lago, em Pedras Brancas, munic\u00edpio de Lages. Um ambiente de sil\u00eancio e beleza natural, prop\u00edcio para a ora\u00e7\u00e3o e reflex\u00e3o.<\/p>\n\n\n\n<p>A Irmandade \u00e9 composta pelas <strong>irm\u00e3s Maria Tereza Zonta, Romilde Contini, Clara Contini e Zulmira Estivalete da Silva<\/strong>, que se dedicam \u00e0 viv\u00eancia do carisma franciscano. Tamb\u00e9m esteve presente no encontro a i<strong>rm\u00e3 Ol\u00edmpia Gaio, da Irmandade Francisclariana<\/strong>, enriquecendo ainda mais a partilha e o aprofundamento espiritual.<\/p>\n\n\n\n<figure class=\"wp-block-image size-large\"><img decoding=\"async\" width=\"1024\" height=\"650\" src=\"https:\/\/ifap.org.br\/wp-content\/uploads\/2025\/03\/3-2-1024x650.png\" alt=\"\" class=\"wp-image-1106\" srcset=\"https:\/\/ifap.org.br\/wp-content\/uploads\/2025\/03\/3-2-1024x650.png 1024w, https:\/\/ifap.org.br\/wp-content\/uploads\/2025\/03\/3-2-300x191.png 300w, https:\/\/ifap.org.br\/wp-content\/uploads\/2025\/03\/3-2-768x488.png 768w, https:\/\/ifap.org.br\/wp-content\/uploads\/2025\/03\/3-2.png 1200w\" sizes=\"(max-width: 1024px) 100vw, 1024px\" \/><figcaption class=\"wp-element-caption\">Foto: IFAP \/ Divulga\u00e7\u00e3o.<\/figcaption><\/figure>\n\n\n\n<p>Inspiradas pela <strong>espiritualidade de S\u00e3o Francisco de Assis, o homem do s\u00e9culo futuro<\/strong>, as participantes mergulharam em uma profunda experi\u00eancia de autoconhecimento e discernimento. Entre os temas abordados, refletiu-se sobre a conhecida hist\u00f3ria do <strong>Lobo de G\u00fabio<\/strong>, que, segundo a tradi\u00e7\u00e3o franciscana, aterrorizava a cidade at\u00e9 ser domesticado por Francisco com gestos de paz e reconcilia\u00e7\u00e3o.<\/p>\n\n\n\n<p>Nesta jornada espiritual, a reflex\u00e3o levou a um questionamento essencial: <strong>quem nos livrar\u00e1 do &#8220;lobo&#8221; que habita dentro de n\u00f3s?<\/strong> Esse lobo, que n\u00e3o mais corre pelas florestas, manifesta-se nas inquieta\u00e7\u00f5es, medos e desafios interiores que carregamos. Aquele que, \u00e0 semelhan\u00e7a de Francisco, for capaz de domesticar esse lobo interior, ser\u00e1 verdadeiramente um <strong>homem ou uma mulher do s\u00e9culo futuro<\/strong>, avan\u00e7ando sem medo pelos caminhos da hist\u00f3ria e inspirando in\u00fameras irm\u00e3s e irm\u00e3os a seguirem o mesmo percurso de liberta\u00e7\u00e3o.<\/p>\n\n\n\n<figure class=\"wp-block-image size-large\"><img decoding=\"async\" width=\"1024\" height=\"650\" src=\"https:\/\/ifap.org.br\/wp-content\/uploads\/2025\/03\/2-2-1024x650.png\" alt=\"\" class=\"wp-image-1108\" srcset=\"https:\/\/ifap.org.br\/wp-content\/uploads\/2025\/03\/2-2-1024x650.png 1024w, https:\/\/ifap.org.br\/wp-content\/uploads\/2025\/03\/2-2-300x191.png 300w, https:\/\/ifap.org.br\/wp-content\/uploads\/2025\/03\/2-2-768x488.png 768w, https:\/\/ifap.org.br\/wp-content\/uploads\/2025\/03\/2-2.png 1200w\" sizes=\"(max-width: 1024px) 100vw, 1024px\" \/><figcaption class=\"wp-element-caption\">Foto: IFAP \/ Divulga\u00e7\u00e3o.<\/figcaption><\/figure>\n\n\n\n<p>Que este retiro continue gerando frutos na caminhada da Irmandade S\u00e3o Judas Tadeu e que, como S\u00e3o Francisco, possam perseverar na busca pela paz interior e na constru\u00e7\u00e3o do Reino de Deus!<\/p>\n\n\n\n<p><em>Por Ascom\/IFAP com informa\u00e7\u00f5es enviadas pela Irm\u00e3 Zulmira Estivalete.<\/em><\/p>\n","protected":false},"excerpt":{"rendered":"<p>Na quarta-feira de fevereiro, 19 de fevereiro, a Irmandade S\u00e3o Judas Tadeu, do bairro Copacabana, em Lages (SC), viveu um dia especial de recolhimento e espiritualidade. O retiro aconteceu na Pousada Ref\u00fagio do Lago, em Pedras Brancas, munic\u00edpio de Lages. Um ambiente de sil\u00eancio e beleza natural, prop\u00edcio para a ora\u00e7\u00e3o e reflex\u00e3o. A Irmandade [&hellip;]<\/p>\n","protected":false},"author":1,"featured_media":1106,"comment_status":"open","ping_status":"open","sticky":false,"template":"","format":"standard","meta":{"_monsterinsights_skip_tracking":false,"_monsterinsights_sitenote_active":false,"_monsterinsights_sitenote_note":"","_monsterinsights_sitenote_category":0,"footnotes":""},"categories":[1],"tags":[],"class_list":["post-1105","post","type-post","status-publish","format-standard","has-post-thumbnail","hentry","category-blog"],"yoast_head":"<!-- This site is optimized with the Yoast SEO plugin v25.8 - https:\/\/yoast.com\/wordpress\/plugins\/seo\/ -->\n<title>Irmandade S\u00e3o Judas Tadeu, em Lages (SC), realiza retiro sobre a espiritualidade franciscana - IFAP<\/title>\n<meta name=\"robots\" content=\"index, follow, max-snippet:-1, max-image-preview:large, max-video-preview:-1\" \/>\n<link rel=\"canonical\" href=\"https:\/\/ifap.org.br\/index.php\/2025\/03\/13\/irmandade-sao-judas-tadeu-em-lages-sc-realiza-retiro-sobre-a-espiritualidade-franciscana\/\" \/>\n<meta property=\"og:locale\" content=\"pt_BR\" \/>\n<meta property=\"og:type\" content=\"article\" \/>\n<meta property=\"og:title\" content=\"Irmandade S\u00e3o Judas Tadeu, em Lages (SC), realiza retiro sobre a espiritualidade franciscana - IFAP\" \/>\n<meta property=\"og:description\" content=\"Na quarta-feira de fevereiro, 19 de fevereiro, a Irmandade S\u00e3o Judas Tadeu, do bairro Copacabana, em Lages (SC), viveu um dia especial de recolhimento e espiritualidade. O retiro aconteceu na Pousada Ref\u00fagio do Lago, em Pedras Brancas, munic\u00edpio de Lages. Um ambiente de sil\u00eancio e beleza natural, prop\u00edcio para a ora\u00e7\u00e3o e reflex\u00e3o. A Irmandade [&hellip;]\" \/>\n<meta property=\"og:url\" content=\"https:\/\/ifap.org.br\/index.php\/2025\/03\/13\/irmandade-sao-judas-tadeu-em-lages-sc-realiza-retiro-sobre-a-espiritualidade-franciscana\/\" \/>\n<meta property=\"og:site_name\" content=\"IFAP\" \/>\n<meta property=\"article:publisher\" content=\"https:\/\/www.facebook.com\/irmasifap\" \/>\n<meta property=\"article:published_time\" content=\"2025-03-13T13:40:14+00:00\" \/>\n<meta property=\"og:image\" content=\"https:\/\/ifap.org.br\/wp-content\/uploads\/2025\/03\/3-2.png\" \/>\n\t<meta property=\"og:image:width\" content=\"1200\" \/>\n\t<meta property=\"og:image:height\" content=\"762\" \/>\n\t<meta property=\"og:image:type\" content=\"image\/png\" \/>\n<meta name=\"author\" content=\"ifap.org.br\" \/>\n<meta name=\"twitter:card\" content=\"summary_large_image\" \/>\n<meta name=\"twitter:label1\" content=\"Escrito por\" \/>\n\t<meta name=\"twitter:data1\" content=\"ifap.org.br\" \/>\n\t<meta name=\"twitter:label2\" content=\"Est. tempo de leitura\" \/>\n\t<meta name=\"twitter:data2\" content=\"3 minutos\" \/>\n<script type=\"application\/ld+json\" class=\"yoast-schema-graph\">{\"@context\":\"https:\/\/schema.org\",\"@graph\":[{\"@type\":\"Article\",\"@id\":\"https:\/\/ifap.org.br\/index.php\/2025\/03\/13\/irmandade-sao-judas-tadeu-em-lages-sc-realiza-retiro-sobre-a-espiritualidade-franciscana\/#article\",\"isPartOf\":{\"@id\":\"https:\/\/ifap.org.br\/index.php\/2025\/03\/13\/irmandade-sao-judas-tadeu-em-lages-sc-realiza-retiro-sobre-a-espiritualidade-franciscana\/\"},\"author\":{\"name\":\"ifap.org.br\",\"@id\":\"https:\/\/ifap.org.br\/#\/schema\/person\/2cf526a4d4872e0640e6655ae1f2a7ce\"},\"headline\":\"Irmandade S\u00e3o Judas Tadeu, em Lages (SC), realiza retiro sobre a espiritualidade franciscana\",\"datePublished\":\"2025-03-13T13:40:14+00:00\",\"mainEntityOfPage\":{\"@id\":\"https:\/\/ifap.org.br\/index.php\/2025\/03\/13\/irmandade-sao-judas-tadeu-em-lages-sc-realiza-retiro-sobre-a-espiritualidade-franciscana\/\"},\"wordCount\":334,\"commentCount\":0,\"publisher\":{\"@id\":\"https:\/\/ifap.org.br\/#organization\"},\"image\":{\"@id\":\"https:\/\/ifap.org.br\/index.php\/2025\/03\/13\/irmandade-sao-judas-tadeu-em-lages-sc-realiza-retiro-sobre-a-espiritualidade-franciscana\/#primaryimage\"},\"thumbnailUrl\":\"https:\/\/ifap.org.br\/wp-content\/uploads\/2025\/03\/3-2.png\",\"articleSection\":[\"Blog\"],\"inLanguage\":\"pt-BR\",\"potentialAction\":[{\"@type\":\"CommentAction\",\"name\":\"Comment\",\"target\":[\"https:\/\/ifap.org.br\/index.php\/2025\/03\/13\/irmandade-sao-judas-tadeu-em-lages-sc-realiza-retiro-sobre-a-espiritualidade-franciscana\/#respond\"]}]},{\"@type\":\"WebPage\",\"@id\":\"https:\/\/ifap.org.br\/index.php\/2025\/03\/13\/irmandade-sao-judas-tadeu-em-lages-sc-realiza-retiro-sobre-a-espiritualidade-franciscana\/\",\"url\":\"https:\/\/ifap.org.br\/index.php\/2025\/03\/13\/irmandade-sao-judas-tadeu-em-lages-sc-realiza-retiro-sobre-a-espiritualidade-franciscana\/\",\"name\":\"Irmandade S\u00e3o Judas Tadeu, em Lages (SC), realiza retiro sobre a espiritualidade franciscana - IFAP\",\"isPartOf\":{\"@id\":\"https:\/\/ifap.org.br\/#website\"},\"primaryImageOfPage\":{\"@id\":\"https:\/\/ifap.org.br\/index.php\/2025\/03\/13\/irmandade-sao-judas-tadeu-em-lages-sc-realiza-retiro-sobre-a-espiritualidade-franciscana\/#primaryimage\"},\"image\":{\"@id\":\"https:\/\/ifap.org.br\/index.php\/2025\/03\/13\/irmandade-sao-judas-tadeu-em-lages-sc-realiza-retiro-sobre-a-espiritualidade-franciscana\/#primaryimage\"},\"thumbnailUrl\":\"https:\/\/ifap.org.br\/wp-content\/uploads\/2025\/03\/3-2.png\",\"datePublished\":\"2025-03-13T13:40:14+00:00\",\"breadcrumb\":{\"@id\":\"https:\/\/ifap.org.br\/index.php\/2025\/03\/13\/irmandade-sao-judas-tadeu-em-lages-sc-realiza-retiro-sobre-a-espiritualidade-franciscana\/#breadcrumb\"},\"inLanguage\":\"pt-BR\",\"potentialAction\":[{\"@type\":\"ReadAction\",\"target\":[\"https:\/\/ifap.org.br\/index.php\/2025\/03\/13\/irmandade-sao-judas-tadeu-em-lages-sc-realiza-retiro-sobre-a-espiritualidade-franciscana\/\"]}]},{\"@type\":\"ImageObject\",\"inLanguage\":\"pt-BR\",\"@id\":\"https:\/\/ifap.org.br\/index.php\/2025\/03\/13\/irmandade-sao-judas-tadeu-em-lages-sc-realiza-retiro-sobre-a-espiritualidade-franciscana\/#primaryimage\",\"url\":\"https:\/\/ifap.org.br\/wp-content\/uploads\/2025\/03\/3-2.png\",\"contentUrl\":\"https:\/\/ifap.org.br\/wp-content\/uploads\/2025\/03\/3-2.png\",\"width\":1200,\"height\":762},{\"@type\":\"BreadcrumbList\",\"@id\":\"https:\/\/ifap.org.br\/index.php\/2025\/03\/13\/irmandade-sao-judas-tadeu-em-lages-sc-realiza-retiro-sobre-a-espiritualidade-franciscana\/#breadcrumb\",\"itemListElement\":[{\"@type\":\"ListItem\",\"position\":1,\"name\":\"In\u00edcio\",\"item\":\"https:\/\/ifap.org.br\/\"},{\"@type\":\"ListItem\",\"position\":2,\"name\":\"Irmandade S\u00e3o Judas Tadeu, em Lages (SC), realiza retiro sobre a espiritualidade franciscana\"}]},{\"@type\":\"WebSite\",\"@id\":\"https:\/\/ifap.org.br\/#website\",\"url\":\"https:\/\/ifap.org.br\/\",\"name\":\"IFAP\",\"description\":\"\",\"publisher\":{\"@id\":\"https:\/\/ifap.org.br\/#organization\"},\"potentialAction\":[{\"@type\":\"SearchAction\",\"target\":{\"@type\":\"EntryPoint\",\"urlTemplate\":\"https:\/\/ifap.org.br\/?s={search_term_string}\"},\"query-input\":{\"@type\":\"PropertyValueSpecification\",\"valueRequired\":true,\"valueName\":\"search_term_string\"}}],\"inLanguage\":\"pt-BR\"},{\"@type\":\"Organization\",\"@id\":\"https:\/\/ifap.org.br\/#organization\",\"name\":\"IFAP\",\"url\":\"https:\/\/ifap.org.br\/\",\"logo\":{\"@type\":\"ImageObject\",\"inLanguage\":\"pt-BR\",\"@id\":\"https:\/\/ifap.org.br\/#\/schema\/logo\/image\/\",\"url\":\"https:\/\/ifap.org.br\/wp-content\/uploads\/2024\/03\/logo.png\",\"contentUrl\":\"https:\/\/ifap.org.br\/wp-content\/uploads\/2024\/03\/logo.png\",\"width\":185,\"height\":80,\"caption\":\"IFAP\"},\"image\":{\"@id\":\"https:\/\/ifap.org.br\/#\/schema\/logo\/image\/\"},\"sameAs\":[\"https:\/\/www.facebook.com\/irmasifap\"]},{\"@type\":\"Person\",\"@id\":\"https:\/\/ifap.org.br\/#\/schema\/person\/2cf526a4d4872e0640e6655ae1f2a7ce\",\"name\":\"ifap.org.br\",\"image\":{\"@type\":\"ImageObject\",\"inLanguage\":\"pt-BR\",\"@id\":\"https:\/\/ifap.org.br\/#\/schema\/person\/image\/\",\"url\":\"https:\/\/secure.gravatar.com\/avatar\/d7e4cf8004331a92e6e4b4d9b757577f495f629f81c5837a011c3b83930e69e2?s=96&d=mm&r=g\",\"contentUrl\":\"https:\/\/secure.gravatar.com\/avatar\/d7e4cf8004331a92e6e4b4d9b757577f495f629f81c5837a011c3b83930e69e2?s=96&d=mm&r=g\",\"caption\":\"ifap.org.br\"},\"sameAs\":[\"https:\/\/ifap.org.br\"],\"url\":\"https:\/\/ifap.org.br\/index.php\/author\/mediumturquoise-rabbit-412052-hostingersite-com\/\"}]}<\/script>\n<!-- \/ Yoast SEO plugin. -->","yoast_head_json":{"title":"Irmandade S\u00e3o Judas Tadeu, em Lages (SC), realiza retiro sobre a espiritualidade franciscana - IFAP","robots":{"index":"index","follow":"follow","max-snippet":"max-snippet:-1","max-image-preview":"max-image-preview:large","max-video-preview":"max-video-preview:-1"},"canonical":"https:\/\/ifap.org.br\/index.php\/2025\/03\/13\/irmandade-sao-judas-tadeu-em-lages-sc-realiza-retiro-sobre-a-espiritualidade-franciscana\/","og_locale":"pt_BR","og_type":"article","og_title":"Irmandade S\u00e3o Judas Tadeu, em Lages (SC), realiza retiro sobre a espiritualidade franciscana - IFAP","og_description":"Na quarta-feira de fevereiro, 19 de fevereiro, a Irmandade S\u00e3o Judas Tadeu, do bairro Copacabana, em Lages (SC), viveu um dia especial de recolhimento e espiritualidade. O retiro aconteceu na Pousada Ref\u00fagio do Lago, em Pedras Brancas, munic\u00edpio de Lages. Um ambiente de sil\u00eancio e beleza natural, prop\u00edcio para a ora\u00e7\u00e3o e reflex\u00e3o. A Irmandade [&hellip;]","og_url":"https:\/\/ifap.org.br\/index.php\/2025\/03\/13\/irmandade-sao-judas-tadeu-em-lages-sc-realiza-retiro-sobre-a-espiritualidade-franciscana\/","og_site_name":"IFAP","article_publisher":"https:\/\/www.facebook.com\/irmasifap","article_published_time":"2025-03-13T13:40:14+00:00","og_image":[{"width":1200,"height":762,"url":"https:\/\/ifap.org.br\/wp-content\/uploads\/2025\/03\/3-2.png","type":"image\/png"}],"author":"ifap.org.br","twitter_card":"summary_large_image","twitter_misc":{"Escrito por":"ifap.org.br","Est. tempo de leitura":"3 minutos"},"schema":{"@context":"https:\/\/schema.org","@graph":[{"@type":"Article","@id":"https:\/\/ifap.org.br\/index.php\/2025\/03\/13\/irmandade-sao-judas-tadeu-em-lages-sc-realiza-retiro-sobre-a-espiritualidade-franciscana\/#article","isPartOf":{"@id":"https:\/\/ifap.org.br\/index.php\/2025\/03\/13\/irmandade-sao-judas-tadeu-em-lages-sc-realiza-retiro-sobre-a-espiritualidade-franciscana\/"},"author":{"name":"ifap.org.br","@id":"https:\/\/ifap.org.br\/#\/schema\/person\/2cf526a4d4872e0640e6655ae1f2a7ce"},"headline":"Irmandade S\u00e3o Judas Tadeu, em Lages (SC), realiza retiro sobre a espiritualidade franciscana","datePublished":"2025-03-13T13:40:14+00:00","mainEntityOfPage":{"@id":"https:\/\/ifap.org.br\/index.php\/2025\/03\/13\/irmandade-sao-judas-tadeu-em-lages-sc-realiza-retiro-sobre-a-espiritualidade-franciscana\/"},"wordCount":334,"commentCount":0,"publisher":{"@id":"https:\/\/ifap.org.br\/#organization"},"image":{"@id":"https:\/\/ifap.org.br\/index.php\/2025\/03\/13\/irmandade-sao-judas-tadeu-em-lages-sc-realiza-retiro-sobre-a-espiritualidade-franciscana\/#primaryimage"},"thumbnailUrl":"https:\/\/ifap.org.br\/wp-content\/uploads\/2025\/03\/3-2.png","articleSection":["Blog"],"inLanguage":"pt-BR","potentialAction":[{"@type":"CommentAction","name":"Comment","target":["https:\/\/ifap.org.br\/index.php\/2025\/03\/13\/irmandade-sao-judas-tadeu-em-lages-sc-realiza-retiro-sobre-a-espiritualidade-franciscana\/#respond"]}]},{"@type":"WebPage","@id":"https:\/\/ifap.org.br\/index.php\/2025\/03\/13\/irmandade-sao-judas-tadeu-em-lages-sc-realiza-retiro-sobre-a-espiritualidade-franciscana\/","url":"https:\/\/ifap.org.br\/index.php\/2025\/03\/13\/irmandade-sao-judas-tadeu-em-lages-sc-realiza-retiro-sobre-a-espiritualidade-franciscana\/","name":"Irmandade S\u00e3o Judas Tadeu, em Lages (SC), realiza retiro sobre a espiritualidade franciscana - IFAP","isPartOf":{"@id":"https:\/\/ifap.org.br\/#website"},"primaryImageOfPage":{"@id":"https:\/\/ifap.org.br\/index.php\/2025\/03\/13\/irmandade-sao-judas-tadeu-em-lages-sc-realiza-retiro-sobre-a-espiritualidade-franciscana\/#primaryimage"},"image":{"@id":"https:\/\/ifap.org.br\/index.php\/2025\/03\/13\/irmandade-sao-judas-tadeu-em-lages-sc-realiza-retiro-sobre-a-espiritualidade-franciscana\/#primaryimage"},"thumbnailUrl":"https:\/\/ifap.org.br\/wp-content\/uploads\/2025\/03\/3-2.png","datePublished":"2025-03-13T13:40:14+00:00","breadcrumb":{"@id":"https:\/\/ifap.org.br\/index.php\/2025\/03\/13\/irmandade-sao-judas-tadeu-em-lages-sc-realiza-retiro-sobre-a-espiritualidade-franciscana\/#breadcrumb"},"inLanguage":"pt-BR","potentialAction":[{"@type":"ReadAction","target":["https:\/\/ifap.org.br\/index.php\/2025\/03\/13\/irmandade-sao-judas-tadeu-em-lages-sc-realiza-retiro-sobre-a-espiritualidade-franciscana\/"]}]},{"@type":"ImageObject","inLanguage":"pt-BR","@id":"https:\/\/ifap.org.br\/index.php\/2025\/03\/13\/irmandade-sao-judas-tadeu-em-lages-sc-realiza-retiro-sobre-a-espiritualidade-franciscana\/#primaryimage","url":"https:\/\/ifap.org.br\/wp-content\/uploads\/2025\/03\/3-2.png","contentUrl":"https:\/\/ifap.org.br\/wp-content\/uploads\/2025\/03\/3-2.png","width":1200,"height":762},{"@type":"BreadcrumbList","@id":"https:\/\/ifap.org.br\/index.php\/2025\/03\/13\/irmandade-sao-judas-tadeu-em-lages-sc-realiza-retiro-sobre-a-espiritualidade-franciscana\/#breadcrumb","itemListElement":[{"@type":"ListItem","position":1,"name":"In\u00edcio","item":"https:\/\/ifap.org.br\/"},{"@type":"ListItem","position":2,"name":"Irmandade S\u00e3o Judas Tadeu, em Lages (SC), realiza retiro sobre a espiritualidade franciscana"}]},{"@type":"WebSite","@id":"https:\/\/ifap.org.br\/#website","url":"https:\/\/ifap.org.br\/","name":"IFAP","description":"","publisher":{"@id":"https:\/\/ifap.org.br\/#organization"},"potentialAction":[{"@type":"SearchAction","target":{"@type":"EntryPoint","urlTemplate":"https:\/\/ifap.org.br\/?s={search_term_string}"},"query-input":{"@type":"PropertyValueSpecification","valueRequired":true,"valueName":"search_term_string"}}],"inLanguage":"pt-BR"},{"@type":"Organization","@id":"https:\/\/ifap.org.br\/#organization","name":"IFAP","url":"https:\/\/ifap.org.br\/","logo":{"@type":"ImageObject","inLanguage":"pt-BR","@id":"https:\/\/ifap.org.br\/#\/schema\/logo\/image\/","url":"https:\/\/ifap.org.br\/wp-content\/uploads\/2024\/03\/logo.png","contentUrl":"https:\/\/ifap.org.br\/wp-content\/uploads\/2024\/03\/logo.png","width":185,"height":80,"caption":"IFAP"},"image":{"@id":"https:\/\/ifap.org.br\/#\/schema\/logo\/image\/"},"sameAs":["https:\/\/www.facebook.com\/irmasifap"]},{"@type":"Person","@id":"https:\/\/ifap.org.br\/#\/schema\/person\/2cf526a4d4872e0640e6655ae1f2a7ce","name":"ifap.org.br","image":{"@type":"ImageObject","inLanguage":"pt-BR","@id":"https:\/\/ifap.org.br\/#\/schema\/person\/image\/","url":"https:\/\/secure.gravatar.com\/avatar\/d7e4cf8004331a92e6e4b4d9b757577f495f629f81c5837a011c3b83930e69e2?s=96&d=mm&r=g","contentUrl":"https:\/\/secure.gravatar.com\/avatar\/d7e4cf8004331a92e6e4b4d9b757577f495f629f81c5837a011c3b83930e69e2?s=96&d=mm&r=g","caption":"ifap.org.br"},"sameAs":["https:\/\/ifap.org.br"],"url":"https:\/\/ifap.org.br\/index.php\/author\/mediumturquoise-rabbit-412052-hostingersite-com\/"}]}},"_links":{"self":[{"href":"https:\/\/ifap.org.br\/index.php\/wp-json\/wp\/v2\/posts\/1105","targetHints":{"allow":["GET"]}}],"collection":[{"href":"https:\/\/ifap.org.br\/index.php\/wp-json\/wp\/v2\/posts"}],"about":[{"href":"https:\/\/ifap.org.br\/index.php\/wp-json\/wp\/v2\/types\/post"}],"author":[{"embeddable":true,"href":"https:\/\/ifap.org.br\/index.php\/wp-json\/wp\/v2\/users\/1"}],"replies":[{"embeddable":true,"href":"https:\/\/ifap.org.br\/index.php\/wp-json\/wp\/v2\/comments?post=1105"}],"version-history":[{"count":1,"href":"https:\/\/ifap.org.br\/index.php\/wp-json\/wp\/v2\/posts\/1105\/revisions"}],"predecessor-version":[{"id":1109,"href":"https:\/\/ifap.org.br\/index.php\/wp-json\/wp\/v2\/posts\/1105\/revisions\/1109"}],"wp:featuredmedia":[{"embeddable":true,"href":"https:\/\/ifap.org.br\/index.php\/wp-json\/wp\/v2\/media\/1106"}],"wp:attachment":[{"href":"https:\/\/ifap.org.br\/index.php\/wp-json\/wp\/v2\/media?parent=1105"}],"wp:term":[{"taxonomy":"category","embeddable":true,"href":"https:\/\/ifap.org.br\/index.php\/wp-json\/wp\/v2\/categories?post=1105"},{"taxonomy":"post_tag","embeddable":true,"href":"https:\/\/ifap.org.br\/index.php\/wp-json\/wp\/v2\/tags?post=1105"}],"curies":[{"name":"wp","href":"https:\/\/api.w.org\/{rel}","templated":true}]}}