{"id":1110,"date":"2025-03-17T10:25:31","date_gmt":"2025-03-17T13:25:31","guid":{"rendered":"https:\/\/ifap.org.br\/?p=1110"},"modified":"2025-03-17T10:25:31","modified_gmt":"2025-03-17T13:25:31","slug":"familia-ifap-realiza-primeiro-encontro-de-2025-em-cacador","status":"publish","type":"post","link":"https:\/\/ifap.org.br\/index.php\/2025\/03\/17\/familia-ifap-realiza-primeiro-encontro-de-2025-em-cacador\/","title":{"rendered":"Fam\u00edlia IFAP realiza primeiro encontro de 2025 em Ca\u00e7ador"},"content":{"rendered":"\n<figure class=\"wp-block-image size-large\"><img fetchpriority=\"high\" decoding=\"async\" width=\"1024\" height=\"650\" src=\"https:\/\/ifap.org.br\/wp-content\/uploads\/2025\/03\/1-3-1024x650.png\" alt=\"\" class=\"wp-image-1111\" srcset=\"https:\/\/ifap.org.br\/wp-content\/uploads\/2025\/03\/1-3-1024x650.png 1024w, https:\/\/ifap.org.br\/wp-content\/uploads\/2025\/03\/1-3-300x191.png 300w, https:\/\/ifap.org.br\/wp-content\/uploads\/2025\/03\/1-3-768x488.png 768w, https:\/\/ifap.org.br\/wp-content\/uploads\/2025\/03\/1-3.png 1200w\" sizes=\"(max-width: 1024px) 100vw, 1024px\" \/><figcaption class=\"wp-element-caption\">Foto: IFAP\/Divulga\u00e7\u00e3o.<\/figcaption><\/figure>\n\n\n\n<p>No dia 16 de mar\u00e7o de 2025, a Fam\u00edlia IFAP em Ca\u00e7ador (SC) realizou seu primeiro encontro do ano na Irmandade Maria Rosa. O evento aconteceu das 16h \u00e0s 18h30 e reuniu irm\u00e3s e leigos para um momento de espiritualidade, reflex\u00e3o e planejamento.<\/p>\n\n\n\n<p>A programa\u00e7\u00e3o teve in\u00edcio com um acolhimento caloroso e um momento de anima\u00e7\u00e3o. Em seguida, os participantes refletiram sobre os 800 anos do C\u00e2ntico das Criaturas, de S\u00e3o Francisco de Assis, e sobre a Campanha da Fraternidade 2025, que tem como tema a ecologia integral. A discuss\u00e3o ressaltou a import\u00e2ncia do compromisso crist\u00e3o com o cuidado da Casa Comum e a necessidade de a\u00e7\u00f5es concretas em prol do meio ambiente.<\/p>\n\n\n\n<figure class=\"wp-block-image size-large\"><img decoding=\"async\" width=\"1024\" height=\"650\" src=\"https:\/\/ifap.org.br\/wp-content\/uploads\/2025\/03\/3-3-1024x650.png\" alt=\"\" class=\"wp-image-1113\" srcset=\"https:\/\/ifap.org.br\/wp-content\/uploads\/2025\/03\/3-3-1024x650.png 1024w, https:\/\/ifap.org.br\/wp-content\/uploads\/2025\/03\/3-3-300x191.png 300w, https:\/\/ifap.org.br\/wp-content\/uploads\/2025\/03\/3-3-768x488.png 768w, https:\/\/ifap.org.br\/wp-content\/uploads\/2025\/03\/3-3.png 1200w\" sizes=\"(max-width: 1024px) 100vw, 1024px\" \/><figcaption class=\"wp-element-caption\">Foto: IFAP\/Divulga\u00e7\u00e3o.<\/figcaption><\/figure>\n\n\n\n<p>Durante o encontro, foram definidos alguns encaminhamentos para o ano de 2025:<\/p>\n\n\n\n<ul class=\"wp-block-list\">\n<li>Participa\u00e7\u00e3o no Semin\u00e1rio Diocesano sobre Res\u00edduos, que ocorrer\u00e1 no dia 18 de junho na C\u00e2mara de Vereadores;<\/li>\n\n\n\n<li>Realiza\u00e7\u00e3o do plantio de \u00e1rvores como gesto concreto de compromisso com a ecologia;<\/li>\n\n\n\n<li>Organiza\u00e7\u00e3o da Peregrina\u00e7\u00e3o da Fam\u00edlia IFAP, em comemora\u00e7\u00e3o ao Jubileu de 10 anos de presen\u00e7a da Fam\u00edlia IFAP em Ca\u00e7ador, com destino \u00e0 Catedral S\u00e3o Francisco;<\/li>\n\n\n\n<li>Planejamento da Celebra\u00e7\u00e3o e Confraterniza\u00e7\u00e3o dos 10 anos de presen\u00e7a das Irm\u00e3s Franciscanas do Apostolado Paroquial no Bairro Martelo, evento que acontecer\u00e1 no dia 9 de novembro.<\/li>\n<\/ul>\n\n\n\n<p>O encontro foi coordenado pelas irm\u00e3s Mara Maria Garcia da Silva e Terezinha Maria Menegatt, da Irmandade Maria Rosa, que refor\u00e7aram a import\u00e2ncia da unidade e da espiritualidade franciscana na caminhada da Fam\u00edlia IFAP.<\/p>\n\n\n\n<figure class=\"wp-block-image size-large\"><img decoding=\"async\" width=\"1024\" height=\"650\" src=\"https:\/\/ifap.org.br\/wp-content\/uploads\/2025\/03\/4-2-1024x650.png\" alt=\"\" class=\"wp-image-1114\" srcset=\"https:\/\/ifap.org.br\/wp-content\/uploads\/2025\/03\/4-2-1024x650.png 1024w, https:\/\/ifap.org.br\/wp-content\/uploads\/2025\/03\/4-2-300x191.png 300w, https:\/\/ifap.org.br\/wp-content\/uploads\/2025\/03\/4-2-768x488.png 768w, https:\/\/ifap.org.br\/wp-content\/uploads\/2025\/03\/4-2.png 1200w\" sizes=\"(max-width: 1024px) 100vw, 1024px\" \/><figcaption class=\"wp-element-caption\">Foto: IFAP\/Divulga\u00e7\u00e3o.<\/figcaption><\/figure>\n\n\n\n<p>O evento foi encerrado com a Ora\u00e7\u00e3o Vocacional, seguida de um momento de confraterniza\u00e7\u00e3o e partilha entre os participantes. A Fam\u00edlia IFAP segue firme em sua miss\u00e3o de fortalecer os la\u00e7os comunit\u00e1rios e promover a espiritualidade francisclariana em Ca\u00e7ador.<\/p>\n\n\n\n<figure class=\"wp-block-image size-large\"><img loading=\"lazy\" decoding=\"async\" width=\"1024\" height=\"650\" src=\"https:\/\/ifap.org.br\/wp-content\/uploads\/2025\/03\/2-3-1024x650.png\" alt=\"\" class=\"wp-image-1112\" srcset=\"https:\/\/ifap.org.br\/wp-content\/uploads\/2025\/03\/2-3-1024x650.png 1024w, https:\/\/ifap.org.br\/wp-content\/uploads\/2025\/03\/2-3-300x191.png 300w, https:\/\/ifap.org.br\/wp-content\/uploads\/2025\/03\/2-3-768x488.png 768w, https:\/\/ifap.org.br\/wp-content\/uploads\/2025\/03\/2-3.png 1200w\" sizes=\"(max-width: 1024px) 100vw, 1024px\" \/><figcaption class=\"wp-element-caption\">Foto: IFAP\/Divulga\u00e7\u00e3o.<\/figcaption><\/figure>\n\n\n\n<pre class=\"wp-block-preformatted\">Por ASCOM\/IFAP com informa\u00e7\u00f5es da irm\u00e3 Terezinha Menegatt.<\/pre>\n\n\n\n<p><\/p>\n","protected":false},"excerpt":{"rendered":"<p>No dia 16 de mar\u00e7o de 2025, a Fam\u00edlia IFAP em Ca\u00e7ador (SC) realizou seu primeiro encontro do ano na Irmandade Maria Rosa. O evento aconteceu das 16h \u00e0s 18h30 e reuniu irm\u00e3s e leigos para um momento de espiritualidade, reflex\u00e3o e planejamento. A programa\u00e7\u00e3o teve in\u00edcio com um acolhimento caloroso e um momento de [&hellip;]<\/p>\n","protected":false},"author":1,"featured_media":1111,"comment_status":"open","ping_status":"open","sticky":false,"template":"","format":"standard","meta":{"_monsterinsights_skip_tracking":false,"_monsterinsights_sitenote_active":false,"_monsterinsights_sitenote_note":"","_monsterinsights_sitenote_category":0,"footnotes":""},"categories":[1],"tags":[],"class_list":["post-1110","post","type-post","status-publish","format-standard","has-post-thumbnail","hentry","category-blog"],"yoast_head":"<!-- This site is optimized with the Yoast SEO plugin v25.8 - https:\/\/yoast.com\/wordpress\/plugins\/seo\/ -->\n<title>Fam\u00edlia IFAP realiza primeiro encontro de 2025 em Ca\u00e7ador - IFAP<\/title>\n<meta name=\"robots\" content=\"index, follow, max-snippet:-1, max-image-preview:large, max-video-preview:-1\" \/>\n<link rel=\"canonical\" href=\"https:\/\/ifap.org.br\/index.php\/2025\/03\/17\/familia-ifap-realiza-primeiro-encontro-de-2025-em-cacador\/\" \/>\n<meta property=\"og:locale\" content=\"pt_BR\" \/>\n<meta property=\"og:type\" content=\"article\" \/>\n<meta property=\"og:title\" content=\"Fam\u00edlia IFAP realiza primeiro encontro de 2025 em Ca\u00e7ador - IFAP\" \/>\n<meta property=\"og:description\" content=\"No dia 16 de mar\u00e7o de 2025, a Fam\u00edlia IFAP em Ca\u00e7ador (SC) realizou seu primeiro encontro do ano na Irmandade Maria Rosa. O evento aconteceu das 16h \u00e0s 18h30 e reuniu irm\u00e3s e leigos para um momento de espiritualidade, reflex\u00e3o e planejamento. A programa\u00e7\u00e3o teve in\u00edcio com um acolhimento caloroso e um momento de [&hellip;]\" \/>\n<meta property=\"og:url\" content=\"https:\/\/ifap.org.br\/index.php\/2025\/03\/17\/familia-ifap-realiza-primeiro-encontro-de-2025-em-cacador\/\" \/>\n<meta property=\"og:site_name\" content=\"IFAP\" \/>\n<meta property=\"article:publisher\" content=\"https:\/\/www.facebook.com\/irmasifap\" \/>\n<meta property=\"article:published_time\" content=\"2025-03-17T13:25:31+00:00\" \/>\n<meta property=\"og:image\" content=\"https:\/\/ifap.org.br\/wp-content\/uploads\/2025\/03\/1-3.png\" \/>\n\t<meta property=\"og:image:width\" content=\"1200\" \/>\n\t<meta property=\"og:image:height\" content=\"762\" \/>\n\t<meta property=\"og:image:type\" content=\"image\/png\" \/>\n<meta name=\"author\" content=\"ifap.org.br\" \/>\n<meta name=\"twitter:card\" content=\"summary_large_image\" \/>\n<meta name=\"twitter:label1\" content=\"Escrito por\" \/>\n\t<meta name=\"twitter:data1\" content=\"ifap.org.br\" \/>\n\t<meta name=\"twitter:label2\" content=\"Est. tempo de leitura\" \/>\n\t<meta name=\"twitter:data2\" content=\"3 minutos\" \/>\n<script type=\"application\/ld+json\" class=\"yoast-schema-graph\">{\"@context\":\"https:\/\/schema.org\",\"@graph\":[{\"@type\":\"Article\",\"@id\":\"https:\/\/ifap.org.br\/index.php\/2025\/03\/17\/familia-ifap-realiza-primeiro-encontro-de-2025-em-cacador\/#article\",\"isPartOf\":{\"@id\":\"https:\/\/ifap.org.br\/index.php\/2025\/03\/17\/familia-ifap-realiza-primeiro-encontro-de-2025-em-cacador\/\"},\"author\":{\"name\":\"ifap.org.br\",\"@id\":\"https:\/\/ifap.org.br\/#\/schema\/person\/2cf526a4d4872e0640e6655ae1f2a7ce\"},\"headline\":\"Fam\u00edlia IFAP realiza primeiro encontro de 2025 em Ca\u00e7ador\",\"datePublished\":\"2025-03-17T13:25:31+00:00\",\"mainEntityOfPage\":{\"@id\":\"https:\/\/ifap.org.br\/index.php\/2025\/03\/17\/familia-ifap-realiza-primeiro-encontro-de-2025-em-cacador\/\"},\"wordCount\":339,\"commentCount\":0,\"publisher\":{\"@id\":\"https:\/\/ifap.org.br\/#organization\"},\"image\":{\"@id\":\"https:\/\/ifap.org.br\/index.php\/2025\/03\/17\/familia-ifap-realiza-primeiro-encontro-de-2025-em-cacador\/#primaryimage\"},\"thumbnailUrl\":\"https:\/\/ifap.org.br\/wp-content\/uploads\/2025\/03\/1-3.png\",\"articleSection\":[\"Blog\"],\"inLanguage\":\"pt-BR\",\"potentialAction\":[{\"@type\":\"CommentAction\",\"name\":\"Comment\",\"target\":[\"https:\/\/ifap.org.br\/index.php\/2025\/03\/17\/familia-ifap-realiza-primeiro-encontro-de-2025-em-cacador\/#respond\"]}]},{\"@type\":\"WebPage\",\"@id\":\"https:\/\/ifap.org.br\/index.php\/2025\/03\/17\/familia-ifap-realiza-primeiro-encontro-de-2025-em-cacador\/\",\"url\":\"https:\/\/ifap.org.br\/index.php\/2025\/03\/17\/familia-ifap-realiza-primeiro-encontro-de-2025-em-cacador\/\",\"name\":\"Fam\u00edlia IFAP realiza primeiro encontro de 2025 em Ca\u00e7ador - IFAP\",\"isPartOf\":{\"@id\":\"https:\/\/ifap.org.br\/#website\"},\"primaryImageOfPage\":{\"@id\":\"https:\/\/ifap.org.br\/index.php\/2025\/03\/17\/familia-ifap-realiza-primeiro-encontro-de-2025-em-cacador\/#primaryimage\"},\"image\":{\"@id\":\"https:\/\/ifap.org.br\/index.php\/2025\/03\/17\/familia-ifap-realiza-primeiro-encontro-de-2025-em-cacador\/#primaryimage\"},\"thumbnailUrl\":\"https:\/\/ifap.org.br\/wp-content\/uploads\/2025\/03\/1-3.png\",\"datePublished\":\"2025-03-17T13:25:31+00:00\",\"breadcrumb\":{\"@id\":\"https:\/\/ifap.org.br\/index.php\/2025\/03\/17\/familia-ifap-realiza-primeiro-encontro-de-2025-em-cacador\/#breadcrumb\"},\"inLanguage\":\"pt-BR\",\"potentialAction\":[{\"@type\":\"ReadAction\",\"target\":[\"https:\/\/ifap.org.br\/index.php\/2025\/03\/17\/familia-ifap-realiza-primeiro-encontro-de-2025-em-cacador\/\"]}]},{\"@type\":\"ImageObject\",\"inLanguage\":\"pt-BR\",\"@id\":\"https:\/\/ifap.org.br\/index.php\/2025\/03\/17\/familia-ifap-realiza-primeiro-encontro-de-2025-em-cacador\/#primaryimage\",\"url\":\"https:\/\/ifap.org.br\/wp-content\/uploads\/2025\/03\/1-3.png\",\"contentUrl\":\"https:\/\/ifap.org.br\/wp-content\/uploads\/2025\/03\/1-3.png\",\"width\":1200,\"height\":762},{\"@type\":\"BreadcrumbList\",\"@id\":\"https:\/\/ifap.org.br\/index.php\/2025\/03\/17\/familia-ifap-realiza-primeiro-encontro-de-2025-em-cacador\/#breadcrumb\",\"itemListElement\":[{\"@type\":\"ListItem\",\"position\":1,\"name\":\"In\u00edcio\",\"item\":\"https:\/\/ifap.org.br\/\"},{\"@type\":\"ListItem\",\"position\":2,\"name\":\"Fam\u00edlia IFAP realiza primeiro encontro de 2025 em Ca\u00e7ador\"}]},{\"@type\":\"WebSite\",\"@id\":\"https:\/\/ifap.org.br\/#website\",\"url\":\"https:\/\/ifap.org.br\/\",\"name\":\"IFAP\",\"description\":\"\",\"publisher\":{\"@id\":\"https:\/\/ifap.org.br\/#organization\"},\"potentialAction\":[{\"@type\":\"SearchAction\",\"target\":{\"@type\":\"EntryPoint\",\"urlTemplate\":\"https:\/\/ifap.org.br\/?s={search_term_string}\"},\"query-input\":{\"@type\":\"PropertyValueSpecification\",\"valueRequired\":true,\"valueName\":\"search_term_string\"}}],\"inLanguage\":\"pt-BR\"},{\"@type\":\"Organization\",\"@id\":\"https:\/\/ifap.org.br\/#organization\",\"name\":\"IFAP\",\"url\":\"https:\/\/ifap.org.br\/\",\"logo\":{\"@type\":\"ImageObject\",\"inLanguage\":\"pt-BR\",\"@id\":\"https:\/\/ifap.org.br\/#\/schema\/logo\/image\/\",\"url\":\"https:\/\/ifap.org.br\/wp-content\/uploads\/2024\/03\/logo.png\",\"contentUrl\":\"https:\/\/ifap.org.br\/wp-content\/uploads\/2024\/03\/logo.png\",\"width\":185,\"height\":80,\"caption\":\"IFAP\"},\"image\":{\"@id\":\"https:\/\/ifap.org.br\/#\/schema\/logo\/image\/\"},\"sameAs\":[\"https:\/\/www.facebook.com\/irmasifap\"]},{\"@type\":\"Person\",\"@id\":\"https:\/\/ifap.org.br\/#\/schema\/person\/2cf526a4d4872e0640e6655ae1f2a7ce\",\"name\":\"ifap.org.br\",\"image\":{\"@type\":\"ImageObject\",\"inLanguage\":\"pt-BR\",\"@id\":\"https:\/\/ifap.org.br\/#\/schema\/person\/image\/\",\"url\":\"https:\/\/secure.gravatar.com\/avatar\/d7e4cf8004331a92e6e4b4d9b757577f495f629f81c5837a011c3b83930e69e2?s=96&d=mm&r=g\",\"contentUrl\":\"https:\/\/secure.gravatar.com\/avatar\/d7e4cf8004331a92e6e4b4d9b757577f495f629f81c5837a011c3b83930e69e2?s=96&d=mm&r=g\",\"caption\":\"ifap.org.br\"},\"sameAs\":[\"https:\/\/ifap.org.br\"],\"url\":\"https:\/\/ifap.org.br\/index.php\/author\/mediumturquoise-rabbit-412052-hostingersite-com\/\"}]}<\/script>\n<!-- \/ Yoast SEO plugin. -->","yoast_head_json":{"title":"Fam\u00edlia IFAP realiza primeiro encontro de 2025 em Ca\u00e7ador - IFAP","robots":{"index":"index","follow":"follow","max-snippet":"max-snippet:-1","max-image-preview":"max-image-preview:large","max-video-preview":"max-video-preview:-1"},"canonical":"https:\/\/ifap.org.br\/index.php\/2025\/03\/17\/familia-ifap-realiza-primeiro-encontro-de-2025-em-cacador\/","og_locale":"pt_BR","og_type":"article","og_title":"Fam\u00edlia IFAP realiza primeiro encontro de 2025 em Ca\u00e7ador - IFAP","og_description":"No dia 16 de mar\u00e7o de 2025, a Fam\u00edlia IFAP em Ca\u00e7ador (SC) realizou seu primeiro encontro do ano na Irmandade Maria Rosa. O evento aconteceu das 16h \u00e0s 18h30 e reuniu irm\u00e3s e leigos para um momento de espiritualidade, reflex\u00e3o e planejamento. A programa\u00e7\u00e3o teve in\u00edcio com um acolhimento caloroso e um momento de [&hellip;]","og_url":"https:\/\/ifap.org.br\/index.php\/2025\/03\/17\/familia-ifap-realiza-primeiro-encontro-de-2025-em-cacador\/","og_site_name":"IFAP","article_publisher":"https:\/\/www.facebook.com\/irmasifap","article_published_time":"2025-03-17T13:25:31+00:00","og_image":[{"width":1200,"height":762,"url":"https:\/\/ifap.org.br\/wp-content\/uploads\/2025\/03\/1-3.png","type":"image\/png"}],"author":"ifap.org.br","twitter_card":"summary_large_image","twitter_misc":{"Escrito por":"ifap.org.br","Est. tempo de leitura":"3 minutos"},"schema":{"@context":"https:\/\/schema.org","@graph":[{"@type":"Article","@id":"https:\/\/ifap.org.br\/index.php\/2025\/03\/17\/familia-ifap-realiza-primeiro-encontro-de-2025-em-cacador\/#article","isPartOf":{"@id":"https:\/\/ifap.org.br\/index.php\/2025\/03\/17\/familia-ifap-realiza-primeiro-encontro-de-2025-em-cacador\/"},"author":{"name":"ifap.org.br","@id":"https:\/\/ifap.org.br\/#\/schema\/person\/2cf526a4d4872e0640e6655ae1f2a7ce"},"headline":"Fam\u00edlia IFAP realiza primeiro encontro de 2025 em Ca\u00e7ador","datePublished":"2025-03-17T13:25:31+00:00","mainEntityOfPage":{"@id":"https:\/\/ifap.org.br\/index.php\/2025\/03\/17\/familia-ifap-realiza-primeiro-encontro-de-2025-em-cacador\/"},"wordCount":339,"commentCount":0,"publisher":{"@id":"https:\/\/ifap.org.br\/#organization"},"image":{"@id":"https:\/\/ifap.org.br\/index.php\/2025\/03\/17\/familia-ifap-realiza-primeiro-encontro-de-2025-em-cacador\/#primaryimage"},"thumbnailUrl":"https:\/\/ifap.org.br\/wp-content\/uploads\/2025\/03\/1-3.png","articleSection":["Blog"],"inLanguage":"pt-BR","potentialAction":[{"@type":"CommentAction","name":"Comment","target":["https:\/\/ifap.org.br\/index.php\/2025\/03\/17\/familia-ifap-realiza-primeiro-encontro-de-2025-em-cacador\/#respond"]}]},{"@type":"WebPage","@id":"https:\/\/ifap.org.br\/index.php\/2025\/03\/17\/familia-ifap-realiza-primeiro-encontro-de-2025-em-cacador\/","url":"https:\/\/ifap.org.br\/index.php\/2025\/03\/17\/familia-ifap-realiza-primeiro-encontro-de-2025-em-cacador\/","name":"Fam\u00edlia IFAP realiza primeiro encontro de 2025 em Ca\u00e7ador - IFAP","isPartOf":{"@id":"https:\/\/ifap.org.br\/#website"},"primaryImageOfPage":{"@id":"https:\/\/ifap.org.br\/index.php\/2025\/03\/17\/familia-ifap-realiza-primeiro-encontro-de-2025-em-cacador\/#primaryimage"},"image":{"@id":"https:\/\/ifap.org.br\/index.php\/2025\/03\/17\/familia-ifap-realiza-primeiro-encontro-de-2025-em-cacador\/#primaryimage"},"thumbnailUrl":"https:\/\/ifap.org.br\/wp-content\/uploads\/2025\/03\/1-3.png","datePublished":"2025-03-17T13:25:31+00:00","breadcrumb":{"@id":"https:\/\/ifap.org.br\/index.php\/2025\/03\/17\/familia-ifap-realiza-primeiro-encontro-de-2025-em-cacador\/#breadcrumb"},"inLanguage":"pt-BR","potentialAction":[{"@type":"ReadAction","target":["https:\/\/ifap.org.br\/index.php\/2025\/03\/17\/familia-ifap-realiza-primeiro-encontro-de-2025-em-cacador\/"]}]},{"@type":"ImageObject","inLanguage":"pt-BR","@id":"https:\/\/ifap.org.br\/index.php\/2025\/03\/17\/familia-ifap-realiza-primeiro-encontro-de-2025-em-cacador\/#primaryimage","url":"https:\/\/ifap.org.br\/wp-content\/uploads\/2025\/03\/1-3.png","contentUrl":"https:\/\/ifap.org.br\/wp-content\/uploads\/2025\/03\/1-3.png","width":1200,"height":762},{"@type":"BreadcrumbList","@id":"https:\/\/ifap.org.br\/index.php\/2025\/03\/17\/familia-ifap-realiza-primeiro-encontro-de-2025-em-cacador\/#breadcrumb","itemListElement":[{"@type":"ListItem","position":1,"name":"In\u00edcio","item":"https:\/\/ifap.org.br\/"},{"@type":"ListItem","position":2,"name":"Fam\u00edlia IFAP realiza primeiro encontro de 2025 em Ca\u00e7ador"}]},{"@type":"WebSite","@id":"https:\/\/ifap.org.br\/#website","url":"https:\/\/ifap.org.br\/","name":"IFAP","description":"","publisher":{"@id":"https:\/\/ifap.org.br\/#organization"},"potentialAction":[{"@type":"SearchAction","target":{"@type":"EntryPoint","urlTemplate":"https:\/\/ifap.org.br\/?s={search_term_string}"},"query-input":{"@type":"PropertyValueSpecification","valueRequired":true,"valueName":"search_term_string"}}],"inLanguage":"pt-BR"},{"@type":"Organization","@id":"https:\/\/ifap.org.br\/#organization","name":"IFAP","url":"https:\/\/ifap.org.br\/","logo":{"@type":"ImageObject","inLanguage":"pt-BR","@id":"https:\/\/ifap.org.br\/#\/schema\/logo\/image\/","url":"https:\/\/ifap.org.br\/wp-content\/uploads\/2024\/03\/logo.png","contentUrl":"https:\/\/ifap.org.br\/wp-content\/uploads\/2024\/03\/logo.png","width":185,"height":80,"caption":"IFAP"},"image":{"@id":"https:\/\/ifap.org.br\/#\/schema\/logo\/image\/"},"sameAs":["https:\/\/www.facebook.com\/irmasifap"]},{"@type":"Person","@id":"https:\/\/ifap.org.br\/#\/schema\/person\/2cf526a4d4872e0640e6655ae1f2a7ce","name":"ifap.org.br","image":{"@type":"ImageObject","inLanguage":"pt-BR","@id":"https:\/\/ifap.org.br\/#\/schema\/person\/image\/","url":"https:\/\/secure.gravatar.com\/avatar\/d7e4cf8004331a92e6e4b4d9b757577f495f629f81c5837a011c3b83930e69e2?s=96&d=mm&r=g","contentUrl":"https:\/\/secure.gravatar.com\/avatar\/d7e4cf8004331a92e6e4b4d9b757577f495f629f81c5837a011c3b83930e69e2?s=96&d=mm&r=g","caption":"ifap.org.br"},"sameAs":["https:\/\/ifap.org.br"],"url":"https:\/\/ifap.org.br\/index.php\/author\/mediumturquoise-rabbit-412052-hostingersite-com\/"}]}},"_links":{"self":[{"href":"https:\/\/ifap.org.br\/index.php\/wp-json\/wp\/v2\/posts\/1110","targetHints":{"allow":["GET"]}}],"collection":[{"href":"https:\/\/ifap.org.br\/index.php\/wp-json\/wp\/v2\/posts"}],"about":[{"href":"https:\/\/ifap.org.br\/index.php\/wp-json\/wp\/v2\/types\/post"}],"author":[{"embeddable":true,"href":"https:\/\/ifap.org.br\/index.php\/wp-json\/wp\/v2\/users\/1"}],"replies":[{"embeddable":true,"href":"https:\/\/ifap.org.br\/index.php\/wp-json\/wp\/v2\/comments?post=1110"}],"version-history":[{"count":1,"href":"https:\/\/ifap.org.br\/index.php\/wp-json\/wp\/v2\/posts\/1110\/revisions"}],"predecessor-version":[{"id":1115,"href":"https:\/\/ifap.org.br\/index.php\/wp-json\/wp\/v2\/posts\/1110\/revisions\/1115"}],"wp:featuredmedia":[{"embeddable":true,"href":"https:\/\/ifap.org.br\/index.php\/wp-json\/wp\/v2\/media\/1111"}],"wp:attachment":[{"href":"https:\/\/ifap.org.br\/index.php\/wp-json\/wp\/v2\/media?parent=1110"}],"wp:term":[{"taxonomy":"category","embeddable":true,"href":"https:\/\/ifap.org.br\/index.php\/wp-json\/wp\/v2\/categories?post=1110"},{"taxonomy":"post_tag","embeddable":true,"href":"https:\/\/ifap.org.br\/index.php\/wp-json\/wp\/v2\/tags?post=1110"}],"curies":[{"name":"wp","href":"https:\/\/api.w.org\/{rel}","templated":true}]}}