{"id":1116,"date":"2025-03-25T14:43:08","date_gmt":"2025-03-25T17:43:08","guid":{"rendered":"https:\/\/ifap.org.br\/?p=1116"},"modified":"2025-03-25T14:44:04","modified_gmt":"2025-03-25T17:44:04","slug":"cdh-irma-jandira-bettoni-realiza-assembleia-geral-e-reafirma-compromisso-com-a-defesa-dos-direitos-humanos","status":"publish","type":"post","link":"https:\/\/ifap.org.br\/index.php\/2025\/03\/25\/cdh-irma-jandira-bettoni-realiza-assembleia-geral-e-reafirma-compromisso-com-a-defesa-dos-direitos-humanos\/","title":{"rendered":"CDH Irm\u00e3 Jandira Bettoni realiza Assembleia Geral e reafirma compromisso com a defesa dos Direitos Humanos"},"content":{"rendered":"\n<figure class=\"wp-block-image size-large\"><img fetchpriority=\"high\" decoding=\"async\" width=\"1024\" height=\"650\" src=\"https:\/\/ifap.org.br\/wp-content\/uploads\/2025\/03\/Design-sem-nome-1-1-1024x650.png\" alt=\"\" class=\"wp-image-1118\" srcset=\"https:\/\/ifap.org.br\/wp-content\/uploads\/2025\/03\/Design-sem-nome-1-1-1024x650.png 1024w, https:\/\/ifap.org.br\/wp-content\/uploads\/2025\/03\/Design-sem-nome-1-1-300x191.png 300w, https:\/\/ifap.org.br\/wp-content\/uploads\/2025\/03\/Design-sem-nome-1-1-768x488.png 768w, https:\/\/ifap.org.br\/wp-content\/uploads\/2025\/03\/Design-sem-nome-1-1.png 1200w\" sizes=\"(max-width: 1024px) 100vw, 1024px\" \/><figcaption class=\"wp-element-caption\">Foto: Arquivo\/CDH.<\/figcaption><\/figure>\n\n\n\n<p><strong><em>O Esperan\u00e7ar se faz caminho, pois \u201co caminho \u00e9 voc\u00ea caminhando\u201d<\/em><\/strong> &#8211; O Centro de Direitos Humanos Ir. Jandira Bettoni (CDH), de Lages\/SC, realizou no \u00faltimo dia 22 de mar\u00e7o sua Assembleia Geral, em um encontro marcado por mem\u00f3rias agradecidas, partilhas significativas, avalia\u00e7\u00f5es e a confirma\u00e7\u00e3o do planejamento das atividades para 2025.<\/p>\n\n\n\n<p>O encontro reafirmou a urg\u00eancia de fortalecer o compromisso coletivo com a luta pelos Direitos Humanos, em um contexto social onde crescem as viola\u00e7\u00f5es e os ataques \u00e0 dignidade humana. Tamb\u00e9m foi destacado pelos participantes a import\u00e2ncia de resistir \u00e0s tentativas de criminaliza\u00e7\u00e3o de pessoas em situa\u00e7\u00e3o de vulnerabilidade social, bem como de defensoras e defensores de causas ambientais. Foi reafirmado que os direitos humanos \u00e9 dever de todos, princ\u00edpio fundamental da vida digna.<\/p>\n\n\n\n<figure class=\"wp-block-image size-large\"><img decoding=\"async\" width=\"1024\" height=\"650\" src=\"https:\/\/ifap.org.br\/wp-content\/uploads\/2025\/03\/Design-sem-nome-2-1-1024x650.png\" alt=\"\" class=\"wp-image-1117\" srcset=\"https:\/\/ifap.org.br\/wp-content\/uploads\/2025\/03\/Design-sem-nome-2-1-1024x650.png 1024w, https:\/\/ifap.org.br\/wp-content\/uploads\/2025\/03\/Design-sem-nome-2-1-300x191.png 300w, https:\/\/ifap.org.br\/wp-content\/uploads\/2025\/03\/Design-sem-nome-2-1-768x488.png 768w, https:\/\/ifap.org.br\/wp-content\/uploads\/2025\/03\/Design-sem-nome-2-1.png 1200w\" sizes=\"(max-width: 1024px) 100vw, 1024px\" \/><figcaption class=\"wp-element-caption\">Foto: Arquivo\/CDH.<\/figcaption><\/figure>\n\n\n\n<p>Durante a assembleia, tamb\u00e9m foi eleita a nova Coordena\u00e7\u00e3o\/Diretoria da entidade. A Congrega\u00e7\u00e3o das Irm\u00e3s Franciscanas do Apostolado Paroquial &#8211; IFAP segue presente e atuante no CDH, agora representada pelas Irm\u00e3s Ol\u00edmpia Gaio (Conselho Fiscal) e Irdes Guadagnin (Coordena\u00e7\u00e3o). A nova equipe se comprometeu a dar continuidade ao legado da saudosa Irm\u00e3 Jandira Bettoni e de todas as pessoas que, ao longo da hist\u00f3ria, contribu\u00edram para a constru\u00e7\u00e3o, organiza\u00e7\u00e3o e lutas do CDH.<\/p>\n\n\n\n<p>A Assembleia foi mais uma prova de que \u201cEsperan\u00e7ar\u201d \u00e9 verbo de a\u00e7\u00e3o \u2013 um chamado \u00e0 resist\u00eancia, \u00e0 resili\u00eancia e \u00e0 amplia\u00e7\u00e3o das lutas coletivas por justi\u00e7a e dignidade.<\/p>\n\n\n\n<pre class=\"wp-block-preformatted\">Por Ascom IFAP com informa\u00e7\u00f5es da Irdes Guadagnin. <\/pre>\n","protected":false},"excerpt":{"rendered":"<p>O Esperan\u00e7ar se faz caminho, pois \u201co caminho \u00e9 voc\u00ea caminhando\u201d &#8211; O Centro de Direitos Humanos Ir. Jandira Bettoni (CDH), de Lages\/SC, realizou no \u00faltimo dia 22 de mar\u00e7o sua Assembleia Geral, em um encontro marcado por mem\u00f3rias agradecidas, partilhas significativas, avalia\u00e7\u00f5es e a confirma\u00e7\u00e3o do planejamento das atividades para 2025. O encontro reafirmou [&hellip;]<\/p>\n","protected":false},"author":1,"featured_media":1118,"comment_status":"open","ping_status":"open","sticky":false,"template":"","format":"standard","meta":{"_monsterinsights_skip_tracking":false,"_monsterinsights_sitenote_active":false,"_monsterinsights_sitenote_note":"","_monsterinsights_sitenote_category":0,"footnotes":""},"categories":[1],"tags":[],"class_list":["post-1116","post","type-post","status-publish","format-standard","has-post-thumbnail","hentry","category-blog"],"yoast_head":"<!-- This site is optimized with the Yoast SEO plugin v25.8 - https:\/\/yoast.com\/wordpress\/plugins\/seo\/ -->\n<title>CDH Irm\u00e3 Jandira Bettoni realiza Assembleia Geral e reafirma compromisso com a defesa dos Direitos Humanos - IFAP<\/title>\n<meta name=\"robots\" content=\"index, follow, max-snippet:-1, max-image-preview:large, max-video-preview:-1\" \/>\n<link rel=\"canonical\" href=\"https:\/\/ifap.org.br\/index.php\/2025\/03\/25\/cdh-irma-jandira-bettoni-realiza-assembleia-geral-e-reafirma-compromisso-com-a-defesa-dos-direitos-humanos\/\" \/>\n<meta property=\"og:locale\" content=\"pt_BR\" \/>\n<meta property=\"og:type\" content=\"article\" \/>\n<meta property=\"og:title\" content=\"CDH Irm\u00e3 Jandira Bettoni realiza Assembleia Geral e reafirma compromisso com a defesa dos Direitos Humanos - IFAP\" \/>\n<meta property=\"og:description\" content=\"O Esperan\u00e7ar se faz caminho, pois \u201co caminho \u00e9 voc\u00ea caminhando\u201d &#8211; O Centro de Direitos Humanos Ir. Jandira Bettoni (CDH), de Lages\/SC, realizou no \u00faltimo dia 22 de mar\u00e7o sua Assembleia Geral, em um encontro marcado por mem\u00f3rias agradecidas, partilhas significativas, avalia\u00e7\u00f5es e a confirma\u00e7\u00e3o do planejamento das atividades para 2025. O encontro reafirmou [&hellip;]\" \/>\n<meta property=\"og:url\" content=\"https:\/\/ifap.org.br\/index.php\/2025\/03\/25\/cdh-irma-jandira-bettoni-realiza-assembleia-geral-e-reafirma-compromisso-com-a-defesa-dos-direitos-humanos\/\" \/>\n<meta property=\"og:site_name\" content=\"IFAP\" \/>\n<meta property=\"article:publisher\" content=\"https:\/\/www.facebook.com\/irmasifap\" \/>\n<meta property=\"article:published_time\" content=\"2025-03-25T17:43:08+00:00\" \/>\n<meta property=\"article:modified_time\" content=\"2025-03-25T17:44:04+00:00\" \/>\n<meta property=\"og:image\" content=\"https:\/\/ifap.org.br\/wp-content\/uploads\/2025\/03\/Design-sem-nome-1-1.png\" \/>\n\t<meta property=\"og:image:width\" content=\"1200\" \/>\n\t<meta property=\"og:image:height\" content=\"762\" \/>\n\t<meta property=\"og:image:type\" content=\"image\/png\" \/>\n<meta name=\"author\" content=\"ifap.org.br\" \/>\n<meta name=\"twitter:card\" content=\"summary_large_image\" \/>\n<meta name=\"twitter:label1\" content=\"Escrito por\" \/>\n\t<meta name=\"twitter:data1\" content=\"ifap.org.br\" \/>\n\t<meta name=\"twitter:label2\" content=\"Est. tempo de leitura\" \/>\n\t<meta name=\"twitter:data2\" content=\"2 minutos\" \/>\n<script type=\"application\/ld+json\" class=\"yoast-schema-graph\">{\"@context\":\"https:\/\/schema.org\",\"@graph\":[{\"@type\":\"Article\",\"@id\":\"https:\/\/ifap.org.br\/index.php\/2025\/03\/25\/cdh-irma-jandira-bettoni-realiza-assembleia-geral-e-reafirma-compromisso-com-a-defesa-dos-direitos-humanos\/#article\",\"isPartOf\":{\"@id\":\"https:\/\/ifap.org.br\/index.php\/2025\/03\/25\/cdh-irma-jandira-bettoni-realiza-assembleia-geral-e-reafirma-compromisso-com-a-defesa-dos-direitos-humanos\/\"},\"author\":{\"name\":\"ifap.org.br\",\"@id\":\"https:\/\/ifap.org.br\/#\/schema\/person\/2cf526a4d4872e0640e6655ae1f2a7ce\"},\"headline\":\"CDH Irm\u00e3 Jandira Bettoni realiza Assembleia Geral e reafirma compromisso com a defesa dos Direitos Humanos\",\"datePublished\":\"2025-03-25T17:43:08+00:00\",\"dateModified\":\"2025-03-25T17:44:04+00:00\",\"mainEntityOfPage\":{\"@id\":\"https:\/\/ifap.org.br\/index.php\/2025\/03\/25\/cdh-irma-jandira-bettoni-realiza-assembleia-geral-e-reafirma-compromisso-com-a-defesa-dos-direitos-humanos\/\"},\"wordCount\":272,\"commentCount\":0,\"publisher\":{\"@id\":\"https:\/\/ifap.org.br\/#organization\"},\"image\":{\"@id\":\"https:\/\/ifap.org.br\/index.php\/2025\/03\/25\/cdh-irma-jandira-bettoni-realiza-assembleia-geral-e-reafirma-compromisso-com-a-defesa-dos-direitos-humanos\/#primaryimage\"},\"thumbnailUrl\":\"https:\/\/ifap.org.br\/wp-content\/uploads\/2025\/03\/Design-sem-nome-1-1.png\",\"articleSection\":[\"Blog\"],\"inLanguage\":\"pt-BR\",\"potentialAction\":[{\"@type\":\"CommentAction\",\"name\":\"Comment\",\"target\":[\"https:\/\/ifap.org.br\/index.php\/2025\/03\/25\/cdh-irma-jandira-bettoni-realiza-assembleia-geral-e-reafirma-compromisso-com-a-defesa-dos-direitos-humanos\/#respond\"]}]},{\"@type\":\"WebPage\",\"@id\":\"https:\/\/ifap.org.br\/index.php\/2025\/03\/25\/cdh-irma-jandira-bettoni-realiza-assembleia-geral-e-reafirma-compromisso-com-a-defesa-dos-direitos-humanos\/\",\"url\":\"https:\/\/ifap.org.br\/index.php\/2025\/03\/25\/cdh-irma-jandira-bettoni-realiza-assembleia-geral-e-reafirma-compromisso-com-a-defesa-dos-direitos-humanos\/\",\"name\":\"CDH Irm\u00e3 Jandira Bettoni realiza Assembleia Geral e reafirma compromisso com a defesa dos Direitos Humanos - IFAP\",\"isPartOf\":{\"@id\":\"https:\/\/ifap.org.br\/#website\"},\"primaryImageOfPage\":{\"@id\":\"https:\/\/ifap.org.br\/index.php\/2025\/03\/25\/cdh-irma-jandira-bettoni-realiza-assembleia-geral-e-reafirma-compromisso-com-a-defesa-dos-direitos-humanos\/#primaryimage\"},\"image\":{\"@id\":\"https:\/\/ifap.org.br\/index.php\/2025\/03\/25\/cdh-irma-jandira-bettoni-realiza-assembleia-geral-e-reafirma-compromisso-com-a-defesa-dos-direitos-humanos\/#primaryimage\"},\"thumbnailUrl\":\"https:\/\/ifap.org.br\/wp-content\/uploads\/2025\/03\/Design-sem-nome-1-1.png\",\"datePublished\":\"2025-03-25T17:43:08+00:00\",\"dateModified\":\"2025-03-25T17:44:04+00:00\",\"breadcrumb\":{\"@id\":\"https:\/\/ifap.org.br\/index.php\/2025\/03\/25\/cdh-irma-jandira-bettoni-realiza-assembleia-geral-e-reafirma-compromisso-com-a-defesa-dos-direitos-humanos\/#breadcrumb\"},\"inLanguage\":\"pt-BR\",\"potentialAction\":[{\"@type\":\"ReadAction\",\"target\":[\"https:\/\/ifap.org.br\/index.php\/2025\/03\/25\/cdh-irma-jandira-bettoni-realiza-assembleia-geral-e-reafirma-compromisso-com-a-defesa-dos-direitos-humanos\/\"]}]},{\"@type\":\"ImageObject\",\"inLanguage\":\"pt-BR\",\"@id\":\"https:\/\/ifap.org.br\/index.php\/2025\/03\/25\/cdh-irma-jandira-bettoni-realiza-assembleia-geral-e-reafirma-compromisso-com-a-defesa-dos-direitos-humanos\/#primaryimage\",\"url\":\"https:\/\/ifap.org.br\/wp-content\/uploads\/2025\/03\/Design-sem-nome-1-1.png\",\"contentUrl\":\"https:\/\/ifap.org.br\/wp-content\/uploads\/2025\/03\/Design-sem-nome-1-1.png\",\"width\":1200,\"height\":762},{\"@type\":\"BreadcrumbList\",\"@id\":\"https:\/\/ifap.org.br\/index.php\/2025\/03\/25\/cdh-irma-jandira-bettoni-realiza-assembleia-geral-e-reafirma-compromisso-com-a-defesa-dos-direitos-humanos\/#breadcrumb\",\"itemListElement\":[{\"@type\":\"ListItem\",\"position\":1,\"name\":\"In\u00edcio\",\"item\":\"https:\/\/ifap.org.br\/\"},{\"@type\":\"ListItem\",\"position\":2,\"name\":\"CDH Irm\u00e3 Jandira Bettoni realiza Assembleia Geral e reafirma compromisso com a defesa dos Direitos Humanos\"}]},{\"@type\":\"WebSite\",\"@id\":\"https:\/\/ifap.org.br\/#website\",\"url\":\"https:\/\/ifap.org.br\/\",\"name\":\"IFAP\",\"description\":\"\",\"publisher\":{\"@id\":\"https:\/\/ifap.org.br\/#organization\"},\"potentialAction\":[{\"@type\":\"SearchAction\",\"target\":{\"@type\":\"EntryPoint\",\"urlTemplate\":\"https:\/\/ifap.org.br\/?s={search_term_string}\"},\"query-input\":{\"@type\":\"PropertyValueSpecification\",\"valueRequired\":true,\"valueName\":\"search_term_string\"}}],\"inLanguage\":\"pt-BR\"},{\"@type\":\"Organization\",\"@id\":\"https:\/\/ifap.org.br\/#organization\",\"name\":\"IFAP\",\"url\":\"https:\/\/ifap.org.br\/\",\"logo\":{\"@type\":\"ImageObject\",\"inLanguage\":\"pt-BR\",\"@id\":\"https:\/\/ifap.org.br\/#\/schema\/logo\/image\/\",\"url\":\"https:\/\/ifap.org.br\/wp-content\/uploads\/2024\/03\/logo.png\",\"contentUrl\":\"https:\/\/ifap.org.br\/wp-content\/uploads\/2024\/03\/logo.png\",\"width\":185,\"height\":80,\"caption\":\"IFAP\"},\"image\":{\"@id\":\"https:\/\/ifap.org.br\/#\/schema\/logo\/image\/\"},\"sameAs\":[\"https:\/\/www.facebook.com\/irmasifap\"]},{\"@type\":\"Person\",\"@id\":\"https:\/\/ifap.org.br\/#\/schema\/person\/2cf526a4d4872e0640e6655ae1f2a7ce\",\"name\":\"ifap.org.br\",\"image\":{\"@type\":\"ImageObject\",\"inLanguage\":\"pt-BR\",\"@id\":\"https:\/\/ifap.org.br\/#\/schema\/person\/image\/\",\"url\":\"https:\/\/secure.gravatar.com\/avatar\/d7e4cf8004331a92e6e4b4d9b757577f495f629f81c5837a011c3b83930e69e2?s=96&d=mm&r=g\",\"contentUrl\":\"https:\/\/secure.gravatar.com\/avatar\/d7e4cf8004331a92e6e4b4d9b757577f495f629f81c5837a011c3b83930e69e2?s=96&d=mm&r=g\",\"caption\":\"ifap.org.br\"},\"sameAs\":[\"https:\/\/ifap.org.br\"],\"url\":\"https:\/\/ifap.org.br\/index.php\/author\/mediumturquoise-rabbit-412052-hostingersite-com\/\"}]}<\/script>\n<!-- \/ Yoast SEO plugin. -->","yoast_head_json":{"title":"CDH Irm\u00e3 Jandira Bettoni realiza Assembleia Geral e reafirma compromisso com a defesa dos Direitos Humanos - IFAP","robots":{"index":"index","follow":"follow","max-snippet":"max-snippet:-1","max-image-preview":"max-image-preview:large","max-video-preview":"max-video-preview:-1"},"canonical":"https:\/\/ifap.org.br\/index.php\/2025\/03\/25\/cdh-irma-jandira-bettoni-realiza-assembleia-geral-e-reafirma-compromisso-com-a-defesa-dos-direitos-humanos\/","og_locale":"pt_BR","og_type":"article","og_title":"CDH Irm\u00e3 Jandira Bettoni realiza Assembleia Geral e reafirma compromisso com a defesa dos Direitos Humanos - IFAP","og_description":"O Esperan\u00e7ar se faz caminho, pois \u201co caminho \u00e9 voc\u00ea caminhando\u201d &#8211; O Centro de Direitos Humanos Ir. Jandira Bettoni (CDH), de Lages\/SC, realizou no \u00faltimo dia 22 de mar\u00e7o sua Assembleia Geral, em um encontro marcado por mem\u00f3rias agradecidas, partilhas significativas, avalia\u00e7\u00f5es e a confirma\u00e7\u00e3o do planejamento das atividades para 2025. O encontro reafirmou [&hellip;]","og_url":"https:\/\/ifap.org.br\/index.php\/2025\/03\/25\/cdh-irma-jandira-bettoni-realiza-assembleia-geral-e-reafirma-compromisso-com-a-defesa-dos-direitos-humanos\/","og_site_name":"IFAP","article_publisher":"https:\/\/www.facebook.com\/irmasifap","article_published_time":"2025-03-25T17:43:08+00:00","article_modified_time":"2025-03-25T17:44:04+00:00","og_image":[{"width":1200,"height":762,"url":"https:\/\/ifap.org.br\/wp-content\/uploads\/2025\/03\/Design-sem-nome-1-1.png","type":"image\/png"}],"author":"ifap.org.br","twitter_card":"summary_large_image","twitter_misc":{"Escrito por":"ifap.org.br","Est. tempo de leitura":"2 minutos"},"schema":{"@context":"https:\/\/schema.org","@graph":[{"@type":"Article","@id":"https:\/\/ifap.org.br\/index.php\/2025\/03\/25\/cdh-irma-jandira-bettoni-realiza-assembleia-geral-e-reafirma-compromisso-com-a-defesa-dos-direitos-humanos\/#article","isPartOf":{"@id":"https:\/\/ifap.org.br\/index.php\/2025\/03\/25\/cdh-irma-jandira-bettoni-realiza-assembleia-geral-e-reafirma-compromisso-com-a-defesa-dos-direitos-humanos\/"},"author":{"name":"ifap.org.br","@id":"https:\/\/ifap.org.br\/#\/schema\/person\/2cf526a4d4872e0640e6655ae1f2a7ce"},"headline":"CDH Irm\u00e3 Jandira Bettoni realiza Assembleia Geral e reafirma compromisso com a defesa dos Direitos Humanos","datePublished":"2025-03-25T17:43:08+00:00","dateModified":"2025-03-25T17:44:04+00:00","mainEntityOfPage":{"@id":"https:\/\/ifap.org.br\/index.php\/2025\/03\/25\/cdh-irma-jandira-bettoni-realiza-assembleia-geral-e-reafirma-compromisso-com-a-defesa-dos-direitos-humanos\/"},"wordCount":272,"commentCount":0,"publisher":{"@id":"https:\/\/ifap.org.br\/#organization"},"image":{"@id":"https:\/\/ifap.org.br\/index.php\/2025\/03\/25\/cdh-irma-jandira-bettoni-realiza-assembleia-geral-e-reafirma-compromisso-com-a-defesa-dos-direitos-humanos\/#primaryimage"},"thumbnailUrl":"https:\/\/ifap.org.br\/wp-content\/uploads\/2025\/03\/Design-sem-nome-1-1.png","articleSection":["Blog"],"inLanguage":"pt-BR","potentialAction":[{"@type":"CommentAction","name":"Comment","target":["https:\/\/ifap.org.br\/index.php\/2025\/03\/25\/cdh-irma-jandira-bettoni-realiza-assembleia-geral-e-reafirma-compromisso-com-a-defesa-dos-direitos-humanos\/#respond"]}]},{"@type":"WebPage","@id":"https:\/\/ifap.org.br\/index.php\/2025\/03\/25\/cdh-irma-jandira-bettoni-realiza-assembleia-geral-e-reafirma-compromisso-com-a-defesa-dos-direitos-humanos\/","url":"https:\/\/ifap.org.br\/index.php\/2025\/03\/25\/cdh-irma-jandira-bettoni-realiza-assembleia-geral-e-reafirma-compromisso-com-a-defesa-dos-direitos-humanos\/","name":"CDH Irm\u00e3 Jandira Bettoni realiza Assembleia Geral e reafirma compromisso com a defesa dos Direitos Humanos - IFAP","isPartOf":{"@id":"https:\/\/ifap.org.br\/#website"},"primaryImageOfPage":{"@id":"https:\/\/ifap.org.br\/index.php\/2025\/03\/25\/cdh-irma-jandira-bettoni-realiza-assembleia-geral-e-reafirma-compromisso-com-a-defesa-dos-direitos-humanos\/#primaryimage"},"image":{"@id":"https:\/\/ifap.org.br\/index.php\/2025\/03\/25\/cdh-irma-jandira-bettoni-realiza-assembleia-geral-e-reafirma-compromisso-com-a-defesa-dos-direitos-humanos\/#primaryimage"},"thumbnailUrl":"https:\/\/ifap.org.br\/wp-content\/uploads\/2025\/03\/Design-sem-nome-1-1.png","datePublished":"2025-03-25T17:43:08+00:00","dateModified":"2025-03-25T17:44:04+00:00","breadcrumb":{"@id":"https:\/\/ifap.org.br\/index.php\/2025\/03\/25\/cdh-irma-jandira-bettoni-realiza-assembleia-geral-e-reafirma-compromisso-com-a-defesa-dos-direitos-humanos\/#breadcrumb"},"inLanguage":"pt-BR","potentialAction":[{"@type":"ReadAction","target":["https:\/\/ifap.org.br\/index.php\/2025\/03\/25\/cdh-irma-jandira-bettoni-realiza-assembleia-geral-e-reafirma-compromisso-com-a-defesa-dos-direitos-humanos\/"]}]},{"@type":"ImageObject","inLanguage":"pt-BR","@id":"https:\/\/ifap.org.br\/index.php\/2025\/03\/25\/cdh-irma-jandira-bettoni-realiza-assembleia-geral-e-reafirma-compromisso-com-a-defesa-dos-direitos-humanos\/#primaryimage","url":"https:\/\/ifap.org.br\/wp-content\/uploads\/2025\/03\/Design-sem-nome-1-1.png","contentUrl":"https:\/\/ifap.org.br\/wp-content\/uploads\/2025\/03\/Design-sem-nome-1-1.png","width":1200,"height":762},{"@type":"BreadcrumbList","@id":"https:\/\/ifap.org.br\/index.php\/2025\/03\/25\/cdh-irma-jandira-bettoni-realiza-assembleia-geral-e-reafirma-compromisso-com-a-defesa-dos-direitos-humanos\/#breadcrumb","itemListElement":[{"@type":"ListItem","position":1,"name":"In\u00edcio","item":"https:\/\/ifap.org.br\/"},{"@type":"ListItem","position":2,"name":"CDH Irm\u00e3 Jandira Bettoni realiza Assembleia Geral e reafirma compromisso com a defesa dos Direitos Humanos"}]},{"@type":"WebSite","@id":"https:\/\/ifap.org.br\/#website","url":"https:\/\/ifap.org.br\/","name":"IFAP","description":"","publisher":{"@id":"https:\/\/ifap.org.br\/#organization"},"potentialAction":[{"@type":"SearchAction","target":{"@type":"EntryPoint","urlTemplate":"https:\/\/ifap.org.br\/?s={search_term_string}"},"query-input":{"@type":"PropertyValueSpecification","valueRequired":true,"valueName":"search_term_string"}}],"inLanguage":"pt-BR"},{"@type":"Organization","@id":"https:\/\/ifap.org.br\/#organization","name":"IFAP","url":"https:\/\/ifap.org.br\/","logo":{"@type":"ImageObject","inLanguage":"pt-BR","@id":"https:\/\/ifap.org.br\/#\/schema\/logo\/image\/","url":"https:\/\/ifap.org.br\/wp-content\/uploads\/2024\/03\/logo.png","contentUrl":"https:\/\/ifap.org.br\/wp-content\/uploads\/2024\/03\/logo.png","width":185,"height":80,"caption":"IFAP"},"image":{"@id":"https:\/\/ifap.org.br\/#\/schema\/logo\/image\/"},"sameAs":["https:\/\/www.facebook.com\/irmasifap"]},{"@type":"Person","@id":"https:\/\/ifap.org.br\/#\/schema\/person\/2cf526a4d4872e0640e6655ae1f2a7ce","name":"ifap.org.br","image":{"@type":"ImageObject","inLanguage":"pt-BR","@id":"https:\/\/ifap.org.br\/#\/schema\/person\/image\/","url":"https:\/\/secure.gravatar.com\/avatar\/d7e4cf8004331a92e6e4b4d9b757577f495f629f81c5837a011c3b83930e69e2?s=96&d=mm&r=g","contentUrl":"https:\/\/secure.gravatar.com\/avatar\/d7e4cf8004331a92e6e4b4d9b757577f495f629f81c5837a011c3b83930e69e2?s=96&d=mm&r=g","caption":"ifap.org.br"},"sameAs":["https:\/\/ifap.org.br"],"url":"https:\/\/ifap.org.br\/index.php\/author\/mediumturquoise-rabbit-412052-hostingersite-com\/"}]}},"_links":{"self":[{"href":"https:\/\/ifap.org.br\/index.php\/wp-json\/wp\/v2\/posts\/1116","targetHints":{"allow":["GET"]}}],"collection":[{"href":"https:\/\/ifap.org.br\/index.php\/wp-json\/wp\/v2\/posts"}],"about":[{"href":"https:\/\/ifap.org.br\/index.php\/wp-json\/wp\/v2\/types\/post"}],"author":[{"embeddable":true,"href":"https:\/\/ifap.org.br\/index.php\/wp-json\/wp\/v2\/users\/1"}],"replies":[{"embeddable":true,"href":"https:\/\/ifap.org.br\/index.php\/wp-json\/wp\/v2\/comments?post=1116"}],"version-history":[{"count":2,"href":"https:\/\/ifap.org.br\/index.php\/wp-json\/wp\/v2\/posts\/1116\/revisions"}],"predecessor-version":[{"id":1120,"href":"https:\/\/ifap.org.br\/index.php\/wp-json\/wp\/v2\/posts\/1116\/revisions\/1120"}],"wp:featuredmedia":[{"embeddable":true,"href":"https:\/\/ifap.org.br\/index.php\/wp-json\/wp\/v2\/media\/1118"}],"wp:attachment":[{"href":"https:\/\/ifap.org.br\/index.php\/wp-json\/wp\/v2\/media?parent=1116"}],"wp:term":[{"taxonomy":"category","embeddable":true,"href":"https:\/\/ifap.org.br\/index.php\/wp-json\/wp\/v2\/categories?post=1116"},{"taxonomy":"post_tag","embeddable":true,"href":"https:\/\/ifap.org.br\/index.php\/wp-json\/wp\/v2\/tags?post=1116"}],"curies":[{"name":"wp","href":"https:\/\/api.w.org\/{rel}","templated":true}]}}