{"id":1122,"date":"2025-03-27T16:24:46","date_gmt":"2025-03-27T19:24:46","guid":{"rendered":"https:\/\/ifap.org.br\/?p=1122"},"modified":"2025-03-27T16:41:52","modified_gmt":"2025-03-27T19:41:52","slug":"assembleia-eletiva-marca-retomada-da-cffb-em-santa-catarina-e-elege-nova-coordenacao-para-o-regional","status":"publish","type":"post","link":"https:\/\/ifap.org.br\/index.php\/2025\/03\/27\/assembleia-eletiva-marca-retomada-da-cffb-em-santa-catarina-e-elege-nova-coordenacao-para-o-regional\/","title":{"rendered":"Assembleia Eletiva marca retomada da CFFB em Santa Catarina e elege nova coordena\u00e7\u00e3o para o regional"},"content":{"rendered":"\n<figure class=\"wp-block-image size-large\"><img fetchpriority=\"high\" decoding=\"async\" width=\"1024\" height=\"650\" src=\"https:\/\/ifap.org.br\/wp-content\/uploads\/2025\/03\/Design-sem-nome-4-1024x650.png\" alt=\"\" class=\"wp-image-1124\" srcset=\"https:\/\/ifap.org.br\/wp-content\/uploads\/2025\/03\/Design-sem-nome-4-1024x650.png 1024w, https:\/\/ifap.org.br\/wp-content\/uploads\/2025\/03\/Design-sem-nome-4-300x191.png 300w, https:\/\/ifap.org.br\/wp-content\/uploads\/2025\/03\/Design-sem-nome-4-768x488.png 768w, https:\/\/ifap.org.br\/wp-content\/uploads\/2025\/03\/Design-sem-nome-4.png 1200w\" sizes=\"(max-width: 1024px) 100vw, 1024px\" \/><\/figure>\n\n\n\n<p>Na noite da \u00faltima quarta-feira, 26 de mar\u00e7o, a Confer\u00eancia da Fam\u00edlia Franciscana do Brasil em Santa Catarina (CFFB-SC) realizou sua Assembleia Eletiva Regional. O encontro, realizado de forma on-line, reuniu cerca de 40 participantes de diferentes congrega\u00e7\u00f5es e express\u00f5es da espiritualidade franciscana presentes no estado, entre elas as Irm\u00e3s Franciscanas do Apostolado Paroquial &#8211; IFAP, que participaram ativamente da atividade.<\/p>\n\n\n\n<p>A Assembleia teve como objetivos principais a elei\u00e7\u00e3o de uma nova equipe de coordena\u00e7\u00e3o regional, a leitura e acolhida dos documentos que norteiam a caminhada da Fam\u00edlia Franciscana no Brasil, e a partilha de propostas para o fortalecimento da miss\u00e3o da CFFB-SC nos pr\u00f3ximos anos.<\/p>\n\n\n\n<p>A abertura foi conduzida pela irm\u00e3 Marin\u00eas Burin, FMMA, representando a Diretoria Nacional da CFFB. Em sua acolhida, irm\u00e3 Marin\u00eas agradeceu a presen\u00e7a e a disponibilidade de todos os participantes, destacando a import\u00e2ncia do momento:<\/p>\n\n\n\n<blockquote class=\"wp-block-quote is-layout-flow wp-block-quote-is-layout-flow\">\n<blockquote class=\"wp-block-quote is-layout-flow wp-block-quote-is-layout-flow\">\n<p>\u201cNosso regional \u00e9 muito rico na presen\u00e7a de religiosos de todas as ordens franciscanas. Entre encontros com algumas congrega\u00e7\u00f5es em vista da Assembleia do ano passado, formamos um grupo disposto a levar em frente e reanimar este nosso regional, este grupo realizou o convite para esta assembleia que hoje estamos. E hoje estamos aqui para eleger esta nova equipe.\u201d<\/p>\n<\/blockquote>\n\n\n\n<figure class=\"wp-block-image size-large\"><img decoding=\"async\" width=\"1024\" height=\"650\" src=\"https:\/\/ifap.org.br\/wp-content\/uploads\/2025\/03\/Design-sem-nome-5-1024x650.png\" alt=\"\" class=\"wp-image-1125\" srcset=\"https:\/\/ifap.org.br\/wp-content\/uploads\/2025\/03\/Design-sem-nome-5-1024x650.png 1024w, https:\/\/ifap.org.br\/wp-content\/uploads\/2025\/03\/Design-sem-nome-5-300x191.png 300w, https:\/\/ifap.org.br\/wp-content\/uploads\/2025\/03\/Design-sem-nome-5-768x488.png 768w, https:\/\/ifap.org.br\/wp-content\/uploads\/2025\/03\/Design-sem-nome-5.png 1200w\" sizes=\"(max-width: 1024px) 100vw, 1024px\" \/><figcaption class=\"wp-element-caption\">Irm\u00e3 Marin\u00eas Burin, FMMA, secret\u00e1ria da diretoria nacional da CFFB. Foto: extra\u00edda da grava\u00e7\u00e3o da Assembleia. <\/figcaption><\/figure>\n<\/blockquote>\n\n\n\n<p>Durante sua fala, irm\u00e3 Marin\u00eas apresentou tamb\u00e9m a trajet\u00f3ria da CFFB, suas prioridades e linhas de a\u00e7\u00e3o, convocando os participantes a um engajamento coletivo para fortalecer a caminhada regional.<\/p>\n\n\n\n<h3 class=\"wp-block-heading\">Nova coordena\u00e7\u00e3o<\/h3>\n\n\n\n<p>Composta por representantes de diversas express\u00f5es da Fam\u00edlia Franciscana, foi apresentada e aprovada por aclama\u00e7\u00e3o a seguinte chapa para o tri\u00eanio 2025-2027:<\/p>\n\n\n\n<ul class=\"wp-block-list\">\n<li><strong>Coordenadora:<\/strong> Irm\u00e3 Vanessa Garrido, FIC<\/li>\n\n\n\n<li><strong>Vice-coordenadora:<\/strong> Irm\u00e3 Maria Lunardi, CICAF<\/li>\n\n\n\n<li><strong>Secret\u00e1ria:<\/strong> Ana Maria Dutra, OFS<\/li>\n\n\n\n<li><strong>Tesoureiro:<\/strong> Frei Luizinho Marafon, OFMCap<\/li>\n\n\n\n<li><strong>Conselheiras e suplentes:<\/strong> Irm\u00e3 Lurdes Caron, CICAF, e Irm\u00e3 Oneide Coelho, Franciscanas de S\u00e3o Jos\u00e9<\/li>\n<\/ul>\n\n\n\n<p>Ap\u00f3s a confirma\u00e7\u00e3o da nova equipe de coordena\u00e7\u00e3o, irm\u00e3 Vanessa Garrido, FIC, expressou gratid\u00e3o e esp\u00edrito de miss\u00e3o:<\/p>\n\n\n\n<blockquote class=\"wp-block-quote is-layout-flow wp-block-quote-is-layout-flow\">\n<blockquote class=\"wp-block-quote is-layout-flow wp-block-quote-is-layout-flow\">\n<p>\u201cAgrade\u00e7o e conto com todos. Sabemos que temos um desafio pela frente, reorganizar nosso regional, mas com a colabora\u00e7\u00e3o de cada um de n\u00f3s acreditamos que isso \u00e9 poss\u00edvel.\u201d<\/p>\n<\/blockquote>\n<\/blockquote>\n\n\n\n<figure class=\"wp-block-image size-large\"><img decoding=\"async\" width=\"1024\" height=\"650\" src=\"https:\/\/ifap.org.br\/wp-content\/uploads\/2025\/03\/Design-sem-nome-6-1024x650.png\" alt=\"\" class=\"wp-image-1126\" srcset=\"https:\/\/ifap.org.br\/wp-content\/uploads\/2025\/03\/Design-sem-nome-6-1024x650.png 1024w, https:\/\/ifap.org.br\/wp-content\/uploads\/2025\/03\/Design-sem-nome-6-300x191.png 300w, https:\/\/ifap.org.br\/wp-content\/uploads\/2025\/03\/Design-sem-nome-6-768x488.png 768w, https:\/\/ifap.org.br\/wp-content\/uploads\/2025\/03\/Design-sem-nome-6.png 1200w\" sizes=\"(max-width: 1024px) 100vw, 1024px\" \/><figcaption class=\"wp-element-caption\">Irm\u00e3 Vanessa Garrido, FIC, coordenado da CFFB Regional Santa Catarina. Foto: extra\u00edda da grava\u00e7\u00e3o da Assembleia. <\/figcaption><\/figure>\n\n\n\n<h3 class=\"wp-block-heading\">Repasse nacional<\/h3>\n\n\n\n<p>Logo ap\u00f3s a elei\u00e7\u00e3o, a irm\u00e3 Lurdes Caron, CICAF, compartilhou com o grupo os principais encaminhamentos do <strong>Encontro dos Representantes Regionais da CFFB<\/strong>, realizado entre os dias 15 e 17 de novembro de 2024, em Bras\u00edlia (DF). O encontro nacional foi espa\u00e7o de articula\u00e7\u00e3o e aprofundamento das prioridades da CFFB em todo o pa\u00eds, fortalecendo a unidade e a miss\u00e3o franciscana a partir dos regionais.<\/p>\n\n\n\n<h3 class=\"wp-block-heading\">Participa\u00e7\u00e3o das IFAP<\/h3>\n\n\n\n<p>As Irm\u00e3s Franciscanas do Apostolado Paroquial &#8211; IFAP marcaram presen\u00e7a na assembleia, reafirmando o compromisso com a vida e miss\u00e3o franciscana no estado. Esta participa\u00e7\u00e3o ativa \u00e9 sinal do desejo de seguir colaborando com a anima\u00e7\u00e3o da CFFB-SC, especialmente nas frentes de evangeliza\u00e7\u00e3o, servi\u00e7o e articula\u00e7\u00e3o com outras express\u00f5es da Fam\u00edlia Franciscana.<\/p>\n\n\n\n<p>A nova coordena\u00e7\u00e3o assume a miss\u00e3o de animar e fortalecer a presen\u00e7a franciscana em Santa Catarina, em comunh\u00e3o com os demais 16 regionais da CFFB.<\/p>\n\n\n\n<p><strong>Por Ascom das Irm\u00e3s Franciscanas do Apostolado Paroquial &#8211; IFAP.<\/strong><\/p>\n\n\n\n<p><\/p>\n","protected":false},"excerpt":{"rendered":"<p>Na noite da \u00faltima quarta-feira, 26 de mar\u00e7o, a Confer\u00eancia da Fam\u00edlia Franciscana do Brasil em Santa Catarina (CFFB-SC) realizou sua Assembleia Eletiva Regional. O encontro, realizado de forma on-line, reuniu cerca de 40 participantes de diferentes congrega\u00e7\u00f5es e express\u00f5es da espiritualidade franciscana presentes no estado, entre elas as Irm\u00e3s Franciscanas do Apostolado Paroquial &#8211; [&hellip;]<\/p>\n","protected":false},"author":1,"featured_media":1124,"comment_status":"open","ping_status":"open","sticky":false,"template":"","format":"standard","meta":{"_monsterinsights_skip_tracking":false,"_monsterinsights_sitenote_active":false,"_monsterinsights_sitenote_note":"","_monsterinsights_sitenote_category":0,"footnotes":""},"categories":[1],"tags":[],"class_list":["post-1122","post","type-post","status-publish","format-standard","has-post-thumbnail","hentry","category-blog"],"yoast_head":"<!-- This site is optimized with the Yoast SEO plugin v25.8 - https:\/\/yoast.com\/wordpress\/plugins\/seo\/ -->\n<title>Assembleia Eletiva marca retomada da CFFB em Santa Catarina e elege nova coordena\u00e7\u00e3o para o regional - IFAP<\/title>\n<meta name=\"robots\" content=\"index, follow, max-snippet:-1, max-image-preview:large, max-video-preview:-1\" \/>\n<link rel=\"canonical\" href=\"https:\/\/ifap.org.br\/index.php\/2025\/03\/27\/assembleia-eletiva-marca-retomada-da-cffb-em-santa-catarina-e-elege-nova-coordenacao-para-o-regional\/\" \/>\n<meta property=\"og:locale\" content=\"pt_BR\" \/>\n<meta property=\"og:type\" content=\"article\" \/>\n<meta property=\"og:title\" content=\"Assembleia Eletiva marca retomada da CFFB em Santa Catarina e elege nova coordena\u00e7\u00e3o para o regional - IFAP\" \/>\n<meta property=\"og:description\" content=\"Na noite da \u00faltima quarta-feira, 26 de mar\u00e7o, a Confer\u00eancia da Fam\u00edlia Franciscana do Brasil em Santa Catarina (CFFB-SC) realizou sua Assembleia Eletiva Regional. O encontro, realizado de forma on-line, reuniu cerca de 40 participantes de diferentes congrega\u00e7\u00f5es e express\u00f5es da espiritualidade franciscana presentes no estado, entre elas as Irm\u00e3s Franciscanas do Apostolado Paroquial &#8211; [&hellip;]\" \/>\n<meta property=\"og:url\" content=\"https:\/\/ifap.org.br\/index.php\/2025\/03\/27\/assembleia-eletiva-marca-retomada-da-cffb-em-santa-catarina-e-elege-nova-coordenacao-para-o-regional\/\" \/>\n<meta property=\"og:site_name\" content=\"IFAP\" \/>\n<meta property=\"article:publisher\" content=\"https:\/\/www.facebook.com\/irmasifap\" \/>\n<meta property=\"article:published_time\" content=\"2025-03-27T19:24:46+00:00\" \/>\n<meta property=\"article:modified_time\" content=\"2025-03-27T19:41:52+00:00\" \/>\n<meta property=\"og:image\" content=\"https:\/\/ifap.org.br\/wp-content\/uploads\/2025\/03\/Design-sem-nome-4.png\" \/>\n\t<meta property=\"og:image:width\" content=\"1200\" \/>\n\t<meta property=\"og:image:height\" content=\"762\" \/>\n\t<meta property=\"og:image:type\" content=\"image\/png\" \/>\n<meta name=\"author\" content=\"ifap.org.br\" \/>\n<meta name=\"twitter:card\" content=\"summary_large_image\" \/>\n<meta name=\"twitter:label1\" content=\"Escrito por\" \/>\n\t<meta name=\"twitter:data1\" content=\"ifap.org.br\" \/>\n\t<meta name=\"twitter:label2\" content=\"Est. tempo de leitura\" \/>\n\t<meta name=\"twitter:data2\" content=\"3 minutos\" \/>\n<script type=\"application\/ld+json\" class=\"yoast-schema-graph\">{\"@context\":\"https:\/\/schema.org\",\"@graph\":[{\"@type\":\"Article\",\"@id\":\"https:\/\/ifap.org.br\/index.php\/2025\/03\/27\/assembleia-eletiva-marca-retomada-da-cffb-em-santa-catarina-e-elege-nova-coordenacao-para-o-regional\/#article\",\"isPartOf\":{\"@id\":\"https:\/\/ifap.org.br\/index.php\/2025\/03\/27\/assembleia-eletiva-marca-retomada-da-cffb-em-santa-catarina-e-elege-nova-coordenacao-para-o-regional\/\"},\"author\":{\"name\":\"ifap.org.br\",\"@id\":\"https:\/\/ifap.org.br\/#\/schema\/person\/2cf526a4d4872e0640e6655ae1f2a7ce\"},\"headline\":\"Assembleia Eletiva marca retomada da CFFB em Santa Catarina e elege nova coordena\u00e7\u00e3o para o regional\",\"datePublished\":\"2025-03-27T19:24:46+00:00\",\"dateModified\":\"2025-03-27T19:41:52+00:00\",\"mainEntityOfPage\":{\"@id\":\"https:\/\/ifap.org.br\/index.php\/2025\/03\/27\/assembleia-eletiva-marca-retomada-da-cffb-em-santa-catarina-e-elege-nova-coordenacao-para-o-regional\/\"},\"wordCount\":599,\"commentCount\":0,\"publisher\":{\"@id\":\"https:\/\/ifap.org.br\/#organization\"},\"image\":{\"@id\":\"https:\/\/ifap.org.br\/index.php\/2025\/03\/27\/assembleia-eletiva-marca-retomada-da-cffb-em-santa-catarina-e-elege-nova-coordenacao-para-o-regional\/#primaryimage\"},\"thumbnailUrl\":\"https:\/\/ifap.org.br\/wp-content\/uploads\/2025\/03\/Design-sem-nome-4.png\",\"articleSection\":[\"Blog\"],\"inLanguage\":\"pt-BR\",\"potentialAction\":[{\"@type\":\"CommentAction\",\"name\":\"Comment\",\"target\":[\"https:\/\/ifap.org.br\/index.php\/2025\/03\/27\/assembleia-eletiva-marca-retomada-da-cffb-em-santa-catarina-e-elege-nova-coordenacao-para-o-regional\/#respond\"]}]},{\"@type\":\"WebPage\",\"@id\":\"https:\/\/ifap.org.br\/index.php\/2025\/03\/27\/assembleia-eletiva-marca-retomada-da-cffb-em-santa-catarina-e-elege-nova-coordenacao-para-o-regional\/\",\"url\":\"https:\/\/ifap.org.br\/index.php\/2025\/03\/27\/assembleia-eletiva-marca-retomada-da-cffb-em-santa-catarina-e-elege-nova-coordenacao-para-o-regional\/\",\"name\":\"Assembleia Eletiva marca retomada da CFFB em Santa Catarina e elege nova coordena\u00e7\u00e3o para o regional - IFAP\",\"isPartOf\":{\"@id\":\"https:\/\/ifap.org.br\/#website\"},\"primaryImageOfPage\":{\"@id\":\"https:\/\/ifap.org.br\/index.php\/2025\/03\/27\/assembleia-eletiva-marca-retomada-da-cffb-em-santa-catarina-e-elege-nova-coordenacao-para-o-regional\/#primaryimage\"},\"image\":{\"@id\":\"https:\/\/ifap.org.br\/index.php\/2025\/03\/27\/assembleia-eletiva-marca-retomada-da-cffb-em-santa-catarina-e-elege-nova-coordenacao-para-o-regional\/#primaryimage\"},\"thumbnailUrl\":\"https:\/\/ifap.org.br\/wp-content\/uploads\/2025\/03\/Design-sem-nome-4.png\",\"datePublished\":\"2025-03-27T19:24:46+00:00\",\"dateModified\":\"2025-03-27T19:41:52+00:00\",\"breadcrumb\":{\"@id\":\"https:\/\/ifap.org.br\/index.php\/2025\/03\/27\/assembleia-eletiva-marca-retomada-da-cffb-em-santa-catarina-e-elege-nova-coordenacao-para-o-regional\/#breadcrumb\"},\"inLanguage\":\"pt-BR\",\"potentialAction\":[{\"@type\":\"ReadAction\",\"target\":[\"https:\/\/ifap.org.br\/index.php\/2025\/03\/27\/assembleia-eletiva-marca-retomada-da-cffb-em-santa-catarina-e-elege-nova-coordenacao-para-o-regional\/\"]}]},{\"@type\":\"ImageObject\",\"inLanguage\":\"pt-BR\",\"@id\":\"https:\/\/ifap.org.br\/index.php\/2025\/03\/27\/assembleia-eletiva-marca-retomada-da-cffb-em-santa-catarina-e-elege-nova-coordenacao-para-o-regional\/#primaryimage\",\"url\":\"https:\/\/ifap.org.br\/wp-content\/uploads\/2025\/03\/Design-sem-nome-4.png\",\"contentUrl\":\"https:\/\/ifap.org.br\/wp-content\/uploads\/2025\/03\/Design-sem-nome-4.png\",\"width\":1200,\"height\":762},{\"@type\":\"BreadcrumbList\",\"@id\":\"https:\/\/ifap.org.br\/index.php\/2025\/03\/27\/assembleia-eletiva-marca-retomada-da-cffb-em-santa-catarina-e-elege-nova-coordenacao-para-o-regional\/#breadcrumb\",\"itemListElement\":[{\"@type\":\"ListItem\",\"position\":1,\"name\":\"In\u00edcio\",\"item\":\"https:\/\/ifap.org.br\/\"},{\"@type\":\"ListItem\",\"position\":2,\"name\":\"Assembleia Eletiva marca retomada da CFFB em Santa Catarina e elege nova coordena\u00e7\u00e3o para o regional\"}]},{\"@type\":\"WebSite\",\"@id\":\"https:\/\/ifap.org.br\/#website\",\"url\":\"https:\/\/ifap.org.br\/\",\"name\":\"IFAP\",\"description\":\"\",\"publisher\":{\"@id\":\"https:\/\/ifap.org.br\/#organization\"},\"potentialAction\":[{\"@type\":\"SearchAction\",\"target\":{\"@type\":\"EntryPoint\",\"urlTemplate\":\"https:\/\/ifap.org.br\/?s={search_term_string}\"},\"query-input\":{\"@type\":\"PropertyValueSpecification\",\"valueRequired\":true,\"valueName\":\"search_term_string\"}}],\"inLanguage\":\"pt-BR\"},{\"@type\":\"Organization\",\"@id\":\"https:\/\/ifap.org.br\/#organization\",\"name\":\"IFAP\",\"url\":\"https:\/\/ifap.org.br\/\",\"logo\":{\"@type\":\"ImageObject\",\"inLanguage\":\"pt-BR\",\"@id\":\"https:\/\/ifap.org.br\/#\/schema\/logo\/image\/\",\"url\":\"https:\/\/ifap.org.br\/wp-content\/uploads\/2024\/03\/logo.png\",\"contentUrl\":\"https:\/\/ifap.org.br\/wp-content\/uploads\/2024\/03\/logo.png\",\"width\":185,\"height\":80,\"caption\":\"IFAP\"},\"image\":{\"@id\":\"https:\/\/ifap.org.br\/#\/schema\/logo\/image\/\"},\"sameAs\":[\"https:\/\/www.facebook.com\/irmasifap\"]},{\"@type\":\"Person\",\"@id\":\"https:\/\/ifap.org.br\/#\/schema\/person\/2cf526a4d4872e0640e6655ae1f2a7ce\",\"name\":\"ifap.org.br\",\"image\":{\"@type\":\"ImageObject\",\"inLanguage\":\"pt-BR\",\"@id\":\"https:\/\/ifap.org.br\/#\/schema\/person\/image\/\",\"url\":\"https:\/\/secure.gravatar.com\/avatar\/d7e4cf8004331a92e6e4b4d9b757577f495f629f81c5837a011c3b83930e69e2?s=96&d=mm&r=g\",\"contentUrl\":\"https:\/\/secure.gravatar.com\/avatar\/d7e4cf8004331a92e6e4b4d9b757577f495f629f81c5837a011c3b83930e69e2?s=96&d=mm&r=g\",\"caption\":\"ifap.org.br\"},\"sameAs\":[\"https:\/\/ifap.org.br\"],\"url\":\"https:\/\/ifap.org.br\/index.php\/author\/mediumturquoise-rabbit-412052-hostingersite-com\/\"}]}<\/script>\n<!-- \/ Yoast SEO plugin. -->","yoast_head_json":{"title":"Assembleia Eletiva marca retomada da CFFB em Santa Catarina e elege nova coordena\u00e7\u00e3o para o regional - IFAP","robots":{"index":"index","follow":"follow","max-snippet":"max-snippet:-1","max-image-preview":"max-image-preview:large","max-video-preview":"max-video-preview:-1"},"canonical":"https:\/\/ifap.org.br\/index.php\/2025\/03\/27\/assembleia-eletiva-marca-retomada-da-cffb-em-santa-catarina-e-elege-nova-coordenacao-para-o-regional\/","og_locale":"pt_BR","og_type":"article","og_title":"Assembleia Eletiva marca retomada da CFFB em Santa Catarina e elege nova coordena\u00e7\u00e3o para o regional - IFAP","og_description":"Na noite da \u00faltima quarta-feira, 26 de mar\u00e7o, a Confer\u00eancia da Fam\u00edlia Franciscana do Brasil em Santa Catarina (CFFB-SC) realizou sua Assembleia Eletiva Regional. O encontro, realizado de forma on-line, reuniu cerca de 40 participantes de diferentes congrega\u00e7\u00f5es e express\u00f5es da espiritualidade franciscana presentes no estado, entre elas as Irm\u00e3s Franciscanas do Apostolado Paroquial &#8211; [&hellip;]","og_url":"https:\/\/ifap.org.br\/index.php\/2025\/03\/27\/assembleia-eletiva-marca-retomada-da-cffb-em-santa-catarina-e-elege-nova-coordenacao-para-o-regional\/","og_site_name":"IFAP","article_publisher":"https:\/\/www.facebook.com\/irmasifap","article_published_time":"2025-03-27T19:24:46+00:00","article_modified_time":"2025-03-27T19:41:52+00:00","og_image":[{"width":1200,"height":762,"url":"https:\/\/ifap.org.br\/wp-content\/uploads\/2025\/03\/Design-sem-nome-4.png","type":"image\/png"}],"author":"ifap.org.br","twitter_card":"summary_large_image","twitter_misc":{"Escrito por":"ifap.org.br","Est. tempo de leitura":"3 minutos"},"schema":{"@context":"https:\/\/schema.org","@graph":[{"@type":"Article","@id":"https:\/\/ifap.org.br\/index.php\/2025\/03\/27\/assembleia-eletiva-marca-retomada-da-cffb-em-santa-catarina-e-elege-nova-coordenacao-para-o-regional\/#article","isPartOf":{"@id":"https:\/\/ifap.org.br\/index.php\/2025\/03\/27\/assembleia-eletiva-marca-retomada-da-cffb-em-santa-catarina-e-elege-nova-coordenacao-para-o-regional\/"},"author":{"name":"ifap.org.br","@id":"https:\/\/ifap.org.br\/#\/schema\/person\/2cf526a4d4872e0640e6655ae1f2a7ce"},"headline":"Assembleia Eletiva marca retomada da CFFB em Santa Catarina e elege nova coordena\u00e7\u00e3o para o regional","datePublished":"2025-03-27T19:24:46+00:00","dateModified":"2025-03-27T19:41:52+00:00","mainEntityOfPage":{"@id":"https:\/\/ifap.org.br\/index.php\/2025\/03\/27\/assembleia-eletiva-marca-retomada-da-cffb-em-santa-catarina-e-elege-nova-coordenacao-para-o-regional\/"},"wordCount":599,"commentCount":0,"publisher":{"@id":"https:\/\/ifap.org.br\/#organization"},"image":{"@id":"https:\/\/ifap.org.br\/index.php\/2025\/03\/27\/assembleia-eletiva-marca-retomada-da-cffb-em-santa-catarina-e-elege-nova-coordenacao-para-o-regional\/#primaryimage"},"thumbnailUrl":"https:\/\/ifap.org.br\/wp-content\/uploads\/2025\/03\/Design-sem-nome-4.png","articleSection":["Blog"],"inLanguage":"pt-BR","potentialAction":[{"@type":"CommentAction","name":"Comment","target":["https:\/\/ifap.org.br\/index.php\/2025\/03\/27\/assembleia-eletiva-marca-retomada-da-cffb-em-santa-catarina-e-elege-nova-coordenacao-para-o-regional\/#respond"]}]},{"@type":"WebPage","@id":"https:\/\/ifap.org.br\/index.php\/2025\/03\/27\/assembleia-eletiva-marca-retomada-da-cffb-em-santa-catarina-e-elege-nova-coordenacao-para-o-regional\/","url":"https:\/\/ifap.org.br\/index.php\/2025\/03\/27\/assembleia-eletiva-marca-retomada-da-cffb-em-santa-catarina-e-elege-nova-coordenacao-para-o-regional\/","name":"Assembleia Eletiva marca retomada da CFFB em Santa Catarina e elege nova coordena\u00e7\u00e3o para o regional - IFAP","isPartOf":{"@id":"https:\/\/ifap.org.br\/#website"},"primaryImageOfPage":{"@id":"https:\/\/ifap.org.br\/index.php\/2025\/03\/27\/assembleia-eletiva-marca-retomada-da-cffb-em-santa-catarina-e-elege-nova-coordenacao-para-o-regional\/#primaryimage"},"image":{"@id":"https:\/\/ifap.org.br\/index.php\/2025\/03\/27\/assembleia-eletiva-marca-retomada-da-cffb-em-santa-catarina-e-elege-nova-coordenacao-para-o-regional\/#primaryimage"},"thumbnailUrl":"https:\/\/ifap.org.br\/wp-content\/uploads\/2025\/03\/Design-sem-nome-4.png","datePublished":"2025-03-27T19:24:46+00:00","dateModified":"2025-03-27T19:41:52+00:00","breadcrumb":{"@id":"https:\/\/ifap.org.br\/index.php\/2025\/03\/27\/assembleia-eletiva-marca-retomada-da-cffb-em-santa-catarina-e-elege-nova-coordenacao-para-o-regional\/#breadcrumb"},"inLanguage":"pt-BR","potentialAction":[{"@type":"ReadAction","target":["https:\/\/ifap.org.br\/index.php\/2025\/03\/27\/assembleia-eletiva-marca-retomada-da-cffb-em-santa-catarina-e-elege-nova-coordenacao-para-o-regional\/"]}]},{"@type":"ImageObject","inLanguage":"pt-BR","@id":"https:\/\/ifap.org.br\/index.php\/2025\/03\/27\/assembleia-eletiva-marca-retomada-da-cffb-em-santa-catarina-e-elege-nova-coordenacao-para-o-regional\/#primaryimage","url":"https:\/\/ifap.org.br\/wp-content\/uploads\/2025\/03\/Design-sem-nome-4.png","contentUrl":"https:\/\/ifap.org.br\/wp-content\/uploads\/2025\/03\/Design-sem-nome-4.png","width":1200,"height":762},{"@type":"BreadcrumbList","@id":"https:\/\/ifap.org.br\/index.php\/2025\/03\/27\/assembleia-eletiva-marca-retomada-da-cffb-em-santa-catarina-e-elege-nova-coordenacao-para-o-regional\/#breadcrumb","itemListElement":[{"@type":"ListItem","position":1,"name":"In\u00edcio","item":"https:\/\/ifap.org.br\/"},{"@type":"ListItem","position":2,"name":"Assembleia Eletiva marca retomada da CFFB em Santa Catarina e elege nova coordena\u00e7\u00e3o para o regional"}]},{"@type":"WebSite","@id":"https:\/\/ifap.org.br\/#website","url":"https:\/\/ifap.org.br\/","name":"IFAP","description":"","publisher":{"@id":"https:\/\/ifap.org.br\/#organization"},"potentialAction":[{"@type":"SearchAction","target":{"@type":"EntryPoint","urlTemplate":"https:\/\/ifap.org.br\/?s={search_term_string}"},"query-input":{"@type":"PropertyValueSpecification","valueRequired":true,"valueName":"search_term_string"}}],"inLanguage":"pt-BR"},{"@type":"Organization","@id":"https:\/\/ifap.org.br\/#organization","name":"IFAP","url":"https:\/\/ifap.org.br\/","logo":{"@type":"ImageObject","inLanguage":"pt-BR","@id":"https:\/\/ifap.org.br\/#\/schema\/logo\/image\/","url":"https:\/\/ifap.org.br\/wp-content\/uploads\/2024\/03\/logo.png","contentUrl":"https:\/\/ifap.org.br\/wp-content\/uploads\/2024\/03\/logo.png","width":185,"height":80,"caption":"IFAP"},"image":{"@id":"https:\/\/ifap.org.br\/#\/schema\/logo\/image\/"},"sameAs":["https:\/\/www.facebook.com\/irmasifap"]},{"@type":"Person","@id":"https:\/\/ifap.org.br\/#\/schema\/person\/2cf526a4d4872e0640e6655ae1f2a7ce","name":"ifap.org.br","image":{"@type":"ImageObject","inLanguage":"pt-BR","@id":"https:\/\/ifap.org.br\/#\/schema\/person\/image\/","url":"https:\/\/secure.gravatar.com\/avatar\/d7e4cf8004331a92e6e4b4d9b757577f495f629f81c5837a011c3b83930e69e2?s=96&d=mm&r=g","contentUrl":"https:\/\/secure.gravatar.com\/avatar\/d7e4cf8004331a92e6e4b4d9b757577f495f629f81c5837a011c3b83930e69e2?s=96&d=mm&r=g","caption":"ifap.org.br"},"sameAs":["https:\/\/ifap.org.br"],"url":"https:\/\/ifap.org.br\/index.php\/author\/mediumturquoise-rabbit-412052-hostingersite-com\/"}]}},"_links":{"self":[{"href":"https:\/\/ifap.org.br\/index.php\/wp-json\/wp\/v2\/posts\/1122","targetHints":{"allow":["GET"]}}],"collection":[{"href":"https:\/\/ifap.org.br\/index.php\/wp-json\/wp\/v2\/posts"}],"about":[{"href":"https:\/\/ifap.org.br\/index.php\/wp-json\/wp\/v2\/types\/post"}],"author":[{"embeddable":true,"href":"https:\/\/ifap.org.br\/index.php\/wp-json\/wp\/v2\/users\/1"}],"replies":[{"embeddable":true,"href":"https:\/\/ifap.org.br\/index.php\/wp-json\/wp\/v2\/comments?post=1122"}],"version-history":[{"count":2,"href":"https:\/\/ifap.org.br\/index.php\/wp-json\/wp\/v2\/posts\/1122\/revisions"}],"predecessor-version":[{"id":1129,"href":"https:\/\/ifap.org.br\/index.php\/wp-json\/wp\/v2\/posts\/1122\/revisions\/1129"}],"wp:featuredmedia":[{"embeddable":true,"href":"https:\/\/ifap.org.br\/index.php\/wp-json\/wp\/v2\/media\/1124"}],"wp:attachment":[{"href":"https:\/\/ifap.org.br\/index.php\/wp-json\/wp\/v2\/media?parent=1122"}],"wp:term":[{"taxonomy":"category","embeddable":true,"href":"https:\/\/ifap.org.br\/index.php\/wp-json\/wp\/v2\/categories?post=1122"},{"taxonomy":"post_tag","embeddable":true,"href":"https:\/\/ifap.org.br\/index.php\/wp-json\/wp\/v2\/tags?post=1122"}],"curies":[{"name":"wp","href":"https:\/\/api.w.org\/{rel}","templated":true}]}}