{"id":800,"date":"2024-05-15T14:28:24","date_gmt":"2024-05-15T17:28:24","guid":{"rendered":"https:\/\/ifap.org.br\/?p=800"},"modified":"2024-05-15T14:33:42","modified_gmt":"2024-05-15T17:33:42","slug":"caminhada-sinodal-irmas-realizam-assembleia-em-lages-sc-2","status":"publish","type":"post","link":"https:\/\/ifap.org.br\/index.php\/2024\/05\/15\/caminhada-sinodal-irmas-realizam-assembleia-em-lages-sc-2\/","title":{"rendered":"Caminhada Sinodal: Irm\u00e3s realizam Assembleia em Lages (SC)"},"content":{"rendered":"\n<figure class=\"wp-block-image size-large is-style-default\"><img fetchpriority=\"high\" decoding=\"async\" width=\"1024\" height=\"670\" src=\"https:\/\/ifap.org.br\/wp-content\/uploads\/2024\/04\/assembleia-ifap-1-1024x670.png\" alt=\"\" class=\"wp-image-755\" srcset=\"https:\/\/ifap.org.br\/wp-content\/uploads\/2024\/04\/assembleia-ifap-1-1024x670.png 1024w, https:\/\/ifap.org.br\/wp-content\/uploads\/2024\/04\/assembleia-ifap-1-300x196.png 300w, https:\/\/ifap.org.br\/wp-content\/uploads\/2024\/04\/assembleia-ifap-1-768x503.png 768w, https:\/\/ifap.org.br\/wp-content\/uploads\/2024\/04\/assembleia-ifap-1.png 1280w\" sizes=\"(max-width: 1024px) 100vw, 1024px\" \/><figcaption class=\"wp-element-caption\">Assembleia Geral Eletiva das IFAP. Foto: Franklin Machado | IFAP<\/figcaption><\/figure>\n\n\n\n<p>Entre os dias 25 e 30 de janeiro de 2024, ocorreu a XVII Assembleia Geral Capitular Eletiva da Congrega\u00e7\u00e3o das Irm\u00e3s Franciscanas do Apostolado Paroquial (IFAP). O evento, realizado na Pousada S\u00e3o Judas, em Lages (SC), contou com a participa\u00e7\u00e3o de irm\u00e3s representando todas as Irmandades da Congrega\u00e7\u00e3o.<\/p>\n\n\n\n<p>De acordo com a irm\u00e3 Terezinha Menegatt, coordenadora geral entre os anos de 2021 e 2024, a Assembleia foi um espa\u00e7o de reflex\u00e3o sobre o projeto \u2018Origens e Rumos\u2019, uma jornada que a congrega\u00e7\u00e3o vem trilhado com as irmandades e comunidades h\u00e1 quase tr\u00eas anos.<\/p>\n\n\n\n<figure class=\"wp-block-gallery has-nested-images columns-default is-cropped wp-block-gallery-1 is-layout-flex wp-block-gallery-is-layout-flex\">\n<figure class=\"wp-block-image size-large\"><img decoding=\"async\" width=\"1024\" height=\"670\" data-id=\"756\" src=\"https:\/\/ifap.org.br\/wp-content\/uploads\/2024\/04\/assembleia-ifap-2-1024x670.png\" alt=\"\" class=\"wp-image-756\" srcset=\"https:\/\/ifap.org.br\/wp-content\/uploads\/2024\/04\/assembleia-ifap-2-1024x670.png 1024w, https:\/\/ifap.org.br\/wp-content\/uploads\/2024\/04\/assembleia-ifap-2-300x196.png 300w, https:\/\/ifap.org.br\/wp-content\/uploads\/2024\/04\/assembleia-ifap-2-768x503.png 768w, https:\/\/ifap.org.br\/wp-content\/uploads\/2024\/04\/assembleia-ifap-2.png 1280w\" sizes=\"(max-width: 1024px) 100vw, 1024px\" \/><figcaption class=\"wp-element-caption\">Irm\u00e3s participantes da Assembleia Geral Eletiva. Foto: Franklin Machado | IFAP<\/figcaption><\/figure>\n<\/figure>\n\n\n\n<p>\u201cDurante esse per\u00edodo, temos trabalhado incansavelmente para implementar projetos sociais nas \u00e1reas em que estamos ativamente envolvidas e atuantes\u201d, destacou irm\u00e3 Terezinha recordando o caminho percorrido.<\/p>\n\n\n\n<p>Durante os cinco dias de encontro, as irm\u00e3s reuniram-se para discutir quest\u00f5es ligadas \u00e0 projetos, sustentabilidade, comunica\u00e7\u00e3o interna e externa, com a assessoria da Equipe Pot\u00eancia Diversa, al\u00e9m de realizarem a elei\u00e7\u00e3o da nova Coordena\u00e7\u00e3o Geral, da qual, juntas, assumiram a nova miss\u00e3o como:<\/p>\n\n\n\n<p>Coordenadora Geral &#8211; Irm\u00e3 Silvia Cristina de Oliveira Lopes <\/p>\n\n\n\n<p>Vice-Coordenadora Geral -Irm\u00e3 Nilza Aparecida de Camargo <\/p>\n\n\n\n<p>Conselheira e Secret\u00e1ria Geral -Irm\u00e3 Maria Izabel Kuster de Liz <\/p>\n\n\n\n<p>Conselheira e Ec\u00f4noma Geral -Irm\u00e3 Iandra Jackline Conrado <\/p>\n\n\n\n<p>Conselheira Geral -Irm\u00e3 Rosalina Maria Tedesco <\/p>\n\n\n\n<p>A elei\u00e7\u00e3o da nova coordena\u00e7\u00e3o ocorreu no dia 29 e a celebra\u00e7\u00e3o de confirma\u00e7\u00e3o no dia 30 de janeiro. Confira ao lado a configura\u00e7\u00e3o da nova coordena\u00e7\u00e3o.<\/p>\n\n\n\n<figure class=\"wp-block-gallery has-nested-images columns-default is-cropped wp-block-gallery-2 is-layout-flex wp-block-gallery-is-layout-flex\">\n<figure class=\"wp-block-image size-large\"><img decoding=\"async\" width=\"1024\" height=\"670\" data-id=\"757\" src=\"https:\/\/ifap.org.br\/wp-content\/uploads\/2024\/04\/assembleia-ifap-1-1-1024x670.png\" alt=\"\" class=\"wp-image-757\" srcset=\"https:\/\/ifap.org.br\/wp-content\/uploads\/2024\/04\/assembleia-ifap-1-1-1024x670.png 1024w, https:\/\/ifap.org.br\/wp-content\/uploads\/2024\/04\/assembleia-ifap-1-1-300x196.png 300w, https:\/\/ifap.org.br\/wp-content\/uploads\/2024\/04\/assembleia-ifap-1-1-768x503.png 768w, https:\/\/ifap.org.br\/wp-content\/uploads\/2024\/04\/assembleia-ifap-1-1.png 1280w\" sizes=\"(max-width: 1024px) 100vw, 1024px\" \/><figcaption class=\"wp-element-caption\">Celebra\u00e7\u00e3o de Confirma\u00e7\u00e3o da nova Coordena\u00e7\u00e3o Geral. Foto: Arquivo | IFAP<\/figcaption><\/figure>\n<\/figure>\n","protected":false},"excerpt":{"rendered":"<p>Entre os dias 25 e 30 de janeiro de 2024, ocorreu a XVII Assembleia Geral Capitular Eletiva da Congrega\u00e7\u00e3o das Irm\u00e3s Franciscanas do Apostolado Paroquial (IFAP). O evento, realizado na Pousada S\u00e3o Judas, em Lages (SC), contou com a participa\u00e7\u00e3o de irm\u00e3s representando todas as Irmandades da Congrega\u00e7\u00e3o. De acordo com a irm\u00e3 Terezinha Menegatt, [&hellip;]<\/p>\n","protected":false},"author":1,"featured_media":755,"comment_status":"open","ping_status":"open","sticky":false,"template":"","format":"standard","meta":{"_monsterinsights_skip_tracking":false,"_monsterinsights_sitenote_active":false,"_monsterinsights_sitenote_note":"","_monsterinsights_sitenote_category":0,"footnotes":""},"categories":[1],"tags":[],"class_list":["post-800","post","type-post","status-publish","format-standard","has-post-thumbnail","hentry","category-blog"],"yoast_head":"<!-- This site is optimized with the Yoast SEO plugin v25.8 - https:\/\/yoast.com\/wordpress\/plugins\/seo\/ -->\n<title>Caminhada Sinodal: Irm\u00e3s realizam Assembleia em Lages (SC) - IFAP<\/title>\n<meta name=\"robots\" content=\"index, follow, max-snippet:-1, max-image-preview:large, max-video-preview:-1\" \/>\n<link rel=\"canonical\" href=\"https:\/\/ifap.org.br\/index.php\/2024\/05\/15\/caminhada-sinodal-irmas-realizam-assembleia-em-lages-sc-2\/\" \/>\n<meta property=\"og:locale\" content=\"pt_BR\" \/>\n<meta property=\"og:type\" content=\"article\" \/>\n<meta property=\"og:title\" content=\"Caminhada Sinodal: Irm\u00e3s realizam Assembleia em Lages (SC) - IFAP\" \/>\n<meta property=\"og:description\" content=\"Entre os dias 25 e 30 de janeiro de 2024, ocorreu a XVII Assembleia Geral Capitular Eletiva da Congrega\u00e7\u00e3o das Irm\u00e3s Franciscanas do Apostolado Paroquial (IFAP). O evento, realizado na Pousada S\u00e3o Judas, em Lages (SC), contou com a participa\u00e7\u00e3o de irm\u00e3s representando todas as Irmandades da Congrega\u00e7\u00e3o. De acordo com a irm\u00e3 Terezinha Menegatt, [&hellip;]\" \/>\n<meta property=\"og:url\" content=\"https:\/\/ifap.org.br\/index.php\/2024\/05\/15\/caminhada-sinodal-irmas-realizam-assembleia-em-lages-sc-2\/\" \/>\n<meta property=\"og:site_name\" content=\"IFAP\" \/>\n<meta property=\"article:publisher\" content=\"https:\/\/www.facebook.com\/irmasifap\" \/>\n<meta property=\"article:published_time\" content=\"2024-05-15T17:28:24+00:00\" \/>\n<meta property=\"article:modified_time\" content=\"2024-05-15T17:33:42+00:00\" \/>\n<meta property=\"og:image\" content=\"https:\/\/ifap.org.br\/wp-content\/uploads\/2024\/04\/assembleia-ifap-1.png\" \/>\n\t<meta property=\"og:image:width\" content=\"1280\" \/>\n\t<meta property=\"og:image:height\" content=\"838\" \/>\n\t<meta property=\"og:image:type\" content=\"image\/png\" \/>\n<meta name=\"author\" content=\"ifap.org.br\" \/>\n<meta name=\"twitter:card\" content=\"summary_large_image\" \/>\n<meta name=\"twitter:label1\" content=\"Escrito por\" \/>\n\t<meta name=\"twitter:data1\" content=\"ifap.org.br\" \/>\n\t<meta name=\"twitter:label2\" content=\"Est. tempo de leitura\" \/>\n\t<meta name=\"twitter:data2\" content=\"1 minuto\" \/>\n<script type=\"application\/ld+json\" class=\"yoast-schema-graph\">{\"@context\":\"https:\/\/schema.org\",\"@graph\":[{\"@type\":\"Article\",\"@id\":\"https:\/\/ifap.org.br\/index.php\/2024\/05\/15\/caminhada-sinodal-irmas-realizam-assembleia-em-lages-sc-2\/#article\",\"isPartOf\":{\"@id\":\"https:\/\/ifap.org.br\/index.php\/2024\/05\/15\/caminhada-sinodal-irmas-realizam-assembleia-em-lages-sc-2\/\"},\"author\":{\"name\":\"ifap.org.br\",\"@id\":\"https:\/\/ifap.org.br\/#\/schema\/person\/2cf526a4d4872e0640e6655ae1f2a7ce\"},\"headline\":\"Caminhada Sinodal: Irm\u00e3s realizam Assembleia em Lages (SC)\",\"datePublished\":\"2024-05-15T17:28:24+00:00\",\"dateModified\":\"2024-05-15T17:33:42+00:00\",\"mainEntityOfPage\":{\"@id\":\"https:\/\/ifap.org.br\/index.php\/2024\/05\/15\/caminhada-sinodal-irmas-realizam-assembleia-em-lages-sc-2\/\"},\"wordCount\":291,\"commentCount\":0,\"publisher\":{\"@id\":\"https:\/\/ifap.org.br\/#organization\"},\"image\":{\"@id\":\"https:\/\/ifap.org.br\/index.php\/2024\/05\/15\/caminhada-sinodal-irmas-realizam-assembleia-em-lages-sc-2\/#primaryimage\"},\"thumbnailUrl\":\"https:\/\/ifap.org.br\/wp-content\/uploads\/2024\/04\/assembleia-ifap-1.png\",\"articleSection\":[\"Blog\"],\"inLanguage\":\"pt-BR\",\"potentialAction\":[{\"@type\":\"CommentAction\",\"name\":\"Comment\",\"target\":[\"https:\/\/ifap.org.br\/index.php\/2024\/05\/15\/caminhada-sinodal-irmas-realizam-assembleia-em-lages-sc-2\/#respond\"]}]},{\"@type\":\"WebPage\",\"@id\":\"https:\/\/ifap.org.br\/index.php\/2024\/05\/15\/caminhada-sinodal-irmas-realizam-assembleia-em-lages-sc-2\/\",\"url\":\"https:\/\/ifap.org.br\/index.php\/2024\/05\/15\/caminhada-sinodal-irmas-realizam-assembleia-em-lages-sc-2\/\",\"name\":\"Caminhada Sinodal: Irm\u00e3s realizam Assembleia em Lages (SC) - IFAP\",\"isPartOf\":{\"@id\":\"https:\/\/ifap.org.br\/#website\"},\"primaryImageOfPage\":{\"@id\":\"https:\/\/ifap.org.br\/index.php\/2024\/05\/15\/caminhada-sinodal-irmas-realizam-assembleia-em-lages-sc-2\/#primaryimage\"},\"image\":{\"@id\":\"https:\/\/ifap.org.br\/index.php\/2024\/05\/15\/caminhada-sinodal-irmas-realizam-assembleia-em-lages-sc-2\/#primaryimage\"},\"thumbnailUrl\":\"https:\/\/ifap.org.br\/wp-content\/uploads\/2024\/04\/assembleia-ifap-1.png\",\"datePublished\":\"2024-05-15T17:28:24+00:00\",\"dateModified\":\"2024-05-15T17:33:42+00:00\",\"breadcrumb\":{\"@id\":\"https:\/\/ifap.org.br\/index.php\/2024\/05\/15\/caminhada-sinodal-irmas-realizam-assembleia-em-lages-sc-2\/#breadcrumb\"},\"inLanguage\":\"pt-BR\",\"potentialAction\":[{\"@type\":\"ReadAction\",\"target\":[\"https:\/\/ifap.org.br\/index.php\/2024\/05\/15\/caminhada-sinodal-irmas-realizam-assembleia-em-lages-sc-2\/\"]}]},{\"@type\":\"ImageObject\",\"inLanguage\":\"pt-BR\",\"@id\":\"https:\/\/ifap.org.br\/index.php\/2024\/05\/15\/caminhada-sinodal-irmas-realizam-assembleia-em-lages-sc-2\/#primaryimage\",\"url\":\"https:\/\/ifap.org.br\/wp-content\/uploads\/2024\/04\/assembleia-ifap-1.png\",\"contentUrl\":\"https:\/\/ifap.org.br\/wp-content\/uploads\/2024\/04\/assembleia-ifap-1.png\",\"width\":1280,\"height\":838},{\"@type\":\"BreadcrumbList\",\"@id\":\"https:\/\/ifap.org.br\/index.php\/2024\/05\/15\/caminhada-sinodal-irmas-realizam-assembleia-em-lages-sc-2\/#breadcrumb\",\"itemListElement\":[{\"@type\":\"ListItem\",\"position\":1,\"name\":\"In\u00edcio\",\"item\":\"https:\/\/ifap.org.br\/\"},{\"@type\":\"ListItem\",\"position\":2,\"name\":\"Caminhada Sinodal: Irm\u00e3s realizam Assembleia em Lages (SC)\"}]},{\"@type\":\"WebSite\",\"@id\":\"https:\/\/ifap.org.br\/#website\",\"url\":\"https:\/\/ifap.org.br\/\",\"name\":\"IFAP\",\"description\":\"\",\"publisher\":{\"@id\":\"https:\/\/ifap.org.br\/#organization\"},\"potentialAction\":[{\"@type\":\"SearchAction\",\"target\":{\"@type\":\"EntryPoint\",\"urlTemplate\":\"https:\/\/ifap.org.br\/?s={search_term_string}\"},\"query-input\":{\"@type\":\"PropertyValueSpecification\",\"valueRequired\":true,\"valueName\":\"search_term_string\"}}],\"inLanguage\":\"pt-BR\"},{\"@type\":\"Organization\",\"@id\":\"https:\/\/ifap.org.br\/#organization\",\"name\":\"IFAP\",\"url\":\"https:\/\/ifap.org.br\/\",\"logo\":{\"@type\":\"ImageObject\",\"inLanguage\":\"pt-BR\",\"@id\":\"https:\/\/ifap.org.br\/#\/schema\/logo\/image\/\",\"url\":\"https:\/\/ifap.org.br\/wp-content\/uploads\/2024\/03\/logo.png\",\"contentUrl\":\"https:\/\/ifap.org.br\/wp-content\/uploads\/2024\/03\/logo.png\",\"width\":185,\"height\":80,\"caption\":\"IFAP\"},\"image\":{\"@id\":\"https:\/\/ifap.org.br\/#\/schema\/logo\/image\/\"},\"sameAs\":[\"https:\/\/www.facebook.com\/irmasifap\"]},{\"@type\":\"Person\",\"@id\":\"https:\/\/ifap.org.br\/#\/schema\/person\/2cf526a4d4872e0640e6655ae1f2a7ce\",\"name\":\"ifap.org.br\",\"image\":{\"@type\":\"ImageObject\",\"inLanguage\":\"pt-BR\",\"@id\":\"https:\/\/ifap.org.br\/#\/schema\/person\/image\/\",\"url\":\"https:\/\/secure.gravatar.com\/avatar\/d7e4cf8004331a92e6e4b4d9b757577f495f629f81c5837a011c3b83930e69e2?s=96&d=mm&r=g\",\"contentUrl\":\"https:\/\/secure.gravatar.com\/avatar\/d7e4cf8004331a92e6e4b4d9b757577f495f629f81c5837a011c3b83930e69e2?s=96&d=mm&r=g\",\"caption\":\"ifap.org.br\"},\"sameAs\":[\"https:\/\/ifap.org.br\"],\"url\":\"https:\/\/ifap.org.br\/index.php\/author\/mediumturquoise-rabbit-412052-hostingersite-com\/\"}]}<\/script>\n<!-- \/ Yoast SEO plugin. -->","yoast_head_json":{"title":"Caminhada Sinodal: Irm\u00e3s realizam Assembleia em Lages (SC) - IFAP","robots":{"index":"index","follow":"follow","max-snippet":"max-snippet:-1","max-image-preview":"max-image-preview:large","max-video-preview":"max-video-preview:-1"},"canonical":"https:\/\/ifap.org.br\/index.php\/2024\/05\/15\/caminhada-sinodal-irmas-realizam-assembleia-em-lages-sc-2\/","og_locale":"pt_BR","og_type":"article","og_title":"Caminhada Sinodal: Irm\u00e3s realizam Assembleia em Lages (SC) - IFAP","og_description":"Entre os dias 25 e 30 de janeiro de 2024, ocorreu a XVII Assembleia Geral Capitular Eletiva da Congrega\u00e7\u00e3o das Irm\u00e3s Franciscanas do Apostolado Paroquial (IFAP). O evento, realizado na Pousada S\u00e3o Judas, em Lages (SC), contou com a participa\u00e7\u00e3o de irm\u00e3s representando todas as Irmandades da Congrega\u00e7\u00e3o. De acordo com a irm\u00e3 Terezinha Menegatt, [&hellip;]","og_url":"https:\/\/ifap.org.br\/index.php\/2024\/05\/15\/caminhada-sinodal-irmas-realizam-assembleia-em-lages-sc-2\/","og_site_name":"IFAP","article_publisher":"https:\/\/www.facebook.com\/irmasifap","article_published_time":"2024-05-15T17:28:24+00:00","article_modified_time":"2024-05-15T17:33:42+00:00","og_image":[{"width":1280,"height":838,"url":"https:\/\/ifap.org.br\/wp-content\/uploads\/2024\/04\/assembleia-ifap-1.png","type":"image\/png"}],"author":"ifap.org.br","twitter_card":"summary_large_image","twitter_misc":{"Escrito por":"ifap.org.br","Est. tempo de leitura":"1 minuto"},"schema":{"@context":"https:\/\/schema.org","@graph":[{"@type":"Article","@id":"https:\/\/ifap.org.br\/index.php\/2024\/05\/15\/caminhada-sinodal-irmas-realizam-assembleia-em-lages-sc-2\/#article","isPartOf":{"@id":"https:\/\/ifap.org.br\/index.php\/2024\/05\/15\/caminhada-sinodal-irmas-realizam-assembleia-em-lages-sc-2\/"},"author":{"name":"ifap.org.br","@id":"https:\/\/ifap.org.br\/#\/schema\/person\/2cf526a4d4872e0640e6655ae1f2a7ce"},"headline":"Caminhada Sinodal: Irm\u00e3s realizam Assembleia em Lages (SC)","datePublished":"2024-05-15T17:28:24+00:00","dateModified":"2024-05-15T17:33:42+00:00","mainEntityOfPage":{"@id":"https:\/\/ifap.org.br\/index.php\/2024\/05\/15\/caminhada-sinodal-irmas-realizam-assembleia-em-lages-sc-2\/"},"wordCount":291,"commentCount":0,"publisher":{"@id":"https:\/\/ifap.org.br\/#organization"},"image":{"@id":"https:\/\/ifap.org.br\/index.php\/2024\/05\/15\/caminhada-sinodal-irmas-realizam-assembleia-em-lages-sc-2\/#primaryimage"},"thumbnailUrl":"https:\/\/ifap.org.br\/wp-content\/uploads\/2024\/04\/assembleia-ifap-1.png","articleSection":["Blog"],"inLanguage":"pt-BR","potentialAction":[{"@type":"CommentAction","name":"Comment","target":["https:\/\/ifap.org.br\/index.php\/2024\/05\/15\/caminhada-sinodal-irmas-realizam-assembleia-em-lages-sc-2\/#respond"]}]},{"@type":"WebPage","@id":"https:\/\/ifap.org.br\/index.php\/2024\/05\/15\/caminhada-sinodal-irmas-realizam-assembleia-em-lages-sc-2\/","url":"https:\/\/ifap.org.br\/index.php\/2024\/05\/15\/caminhada-sinodal-irmas-realizam-assembleia-em-lages-sc-2\/","name":"Caminhada Sinodal: Irm\u00e3s realizam Assembleia em Lages (SC) - IFAP","isPartOf":{"@id":"https:\/\/ifap.org.br\/#website"},"primaryImageOfPage":{"@id":"https:\/\/ifap.org.br\/index.php\/2024\/05\/15\/caminhada-sinodal-irmas-realizam-assembleia-em-lages-sc-2\/#primaryimage"},"image":{"@id":"https:\/\/ifap.org.br\/index.php\/2024\/05\/15\/caminhada-sinodal-irmas-realizam-assembleia-em-lages-sc-2\/#primaryimage"},"thumbnailUrl":"https:\/\/ifap.org.br\/wp-content\/uploads\/2024\/04\/assembleia-ifap-1.png","datePublished":"2024-05-15T17:28:24+00:00","dateModified":"2024-05-15T17:33:42+00:00","breadcrumb":{"@id":"https:\/\/ifap.org.br\/index.php\/2024\/05\/15\/caminhada-sinodal-irmas-realizam-assembleia-em-lages-sc-2\/#breadcrumb"},"inLanguage":"pt-BR","potentialAction":[{"@type":"ReadAction","target":["https:\/\/ifap.org.br\/index.php\/2024\/05\/15\/caminhada-sinodal-irmas-realizam-assembleia-em-lages-sc-2\/"]}]},{"@type":"ImageObject","inLanguage":"pt-BR","@id":"https:\/\/ifap.org.br\/index.php\/2024\/05\/15\/caminhada-sinodal-irmas-realizam-assembleia-em-lages-sc-2\/#primaryimage","url":"https:\/\/ifap.org.br\/wp-content\/uploads\/2024\/04\/assembleia-ifap-1.png","contentUrl":"https:\/\/ifap.org.br\/wp-content\/uploads\/2024\/04\/assembleia-ifap-1.png","width":1280,"height":838},{"@type":"BreadcrumbList","@id":"https:\/\/ifap.org.br\/index.php\/2024\/05\/15\/caminhada-sinodal-irmas-realizam-assembleia-em-lages-sc-2\/#breadcrumb","itemListElement":[{"@type":"ListItem","position":1,"name":"In\u00edcio","item":"https:\/\/ifap.org.br\/"},{"@type":"ListItem","position":2,"name":"Caminhada Sinodal: Irm\u00e3s realizam Assembleia em Lages (SC)"}]},{"@type":"WebSite","@id":"https:\/\/ifap.org.br\/#website","url":"https:\/\/ifap.org.br\/","name":"IFAP","description":"","publisher":{"@id":"https:\/\/ifap.org.br\/#organization"},"potentialAction":[{"@type":"SearchAction","target":{"@type":"EntryPoint","urlTemplate":"https:\/\/ifap.org.br\/?s={search_term_string}"},"query-input":{"@type":"PropertyValueSpecification","valueRequired":true,"valueName":"search_term_string"}}],"inLanguage":"pt-BR"},{"@type":"Organization","@id":"https:\/\/ifap.org.br\/#organization","name":"IFAP","url":"https:\/\/ifap.org.br\/","logo":{"@type":"ImageObject","inLanguage":"pt-BR","@id":"https:\/\/ifap.org.br\/#\/schema\/logo\/image\/","url":"https:\/\/ifap.org.br\/wp-content\/uploads\/2024\/03\/logo.png","contentUrl":"https:\/\/ifap.org.br\/wp-content\/uploads\/2024\/03\/logo.png","width":185,"height":80,"caption":"IFAP"},"image":{"@id":"https:\/\/ifap.org.br\/#\/schema\/logo\/image\/"},"sameAs":["https:\/\/www.facebook.com\/irmasifap"]},{"@type":"Person","@id":"https:\/\/ifap.org.br\/#\/schema\/person\/2cf526a4d4872e0640e6655ae1f2a7ce","name":"ifap.org.br","image":{"@type":"ImageObject","inLanguage":"pt-BR","@id":"https:\/\/ifap.org.br\/#\/schema\/person\/image\/","url":"https:\/\/secure.gravatar.com\/avatar\/d7e4cf8004331a92e6e4b4d9b757577f495f629f81c5837a011c3b83930e69e2?s=96&d=mm&r=g","contentUrl":"https:\/\/secure.gravatar.com\/avatar\/d7e4cf8004331a92e6e4b4d9b757577f495f629f81c5837a011c3b83930e69e2?s=96&d=mm&r=g","caption":"ifap.org.br"},"sameAs":["https:\/\/ifap.org.br"],"url":"https:\/\/ifap.org.br\/index.php\/author\/mediumturquoise-rabbit-412052-hostingersite-com\/"}]}},"_links":{"self":[{"href":"https:\/\/ifap.org.br\/index.php\/wp-json\/wp\/v2\/posts\/800","targetHints":{"allow":["GET"]}}],"collection":[{"href":"https:\/\/ifap.org.br\/index.php\/wp-json\/wp\/v2\/posts"}],"about":[{"href":"https:\/\/ifap.org.br\/index.php\/wp-json\/wp\/v2\/types\/post"}],"author":[{"embeddable":true,"href":"https:\/\/ifap.org.br\/index.php\/wp-json\/wp\/v2\/users\/1"}],"replies":[{"embeddable":true,"href":"https:\/\/ifap.org.br\/index.php\/wp-json\/wp\/v2\/comments?post=800"}],"version-history":[{"count":2,"href":"https:\/\/ifap.org.br\/index.php\/wp-json\/wp\/v2\/posts\/800\/revisions"}],"predecessor-version":[{"id":804,"href":"https:\/\/ifap.org.br\/index.php\/wp-json\/wp\/v2\/posts\/800\/revisions\/804"}],"wp:featuredmedia":[{"embeddable":true,"href":"https:\/\/ifap.org.br\/index.php\/wp-json\/wp\/v2\/media\/755"}],"wp:attachment":[{"href":"https:\/\/ifap.org.br\/index.php\/wp-json\/wp\/v2\/media?parent=800"}],"wp:term":[{"taxonomy":"category","embeddable":true,"href":"https:\/\/ifap.org.br\/index.php\/wp-json\/wp\/v2\/categories?post=800"},{"taxonomy":"post_tag","embeddable":true,"href":"https:\/\/ifap.org.br\/index.php\/wp-json\/wp\/v2\/tags?post=800"}],"curies":[{"name":"wp","href":"https:\/\/api.w.org\/{rel}","templated":true}]}}