{"id":832,"date":"2024-05-21T22:48:53","date_gmt":"2024-05-22T01:48:53","guid":{"rendered":"https:\/\/ifap.org.br\/?p=832"},"modified":"2024-05-21T22:50:25","modified_gmt":"2024-05-22T01:50:25","slug":"roda-de-conversa-marca-os-30-anos-de-memoria-testemunho-e-esperanca-da-irma-jandira-bettoni","status":"publish","type":"post","link":"https:\/\/ifap.org.br\/index.php\/2024\/05\/21\/roda-de-conversa-marca-os-30-anos-de-memoria-testemunho-e-esperanca-da-irma-jandira-bettoni\/","title":{"rendered":"Roda de conversa marca os 30 anos de mem\u00f3ria, testemunho e esperan\u00e7a da irm\u00e3 Jandira Bettoni\u00a0"},"content":{"rendered":"\n<figure class=\"wp-block-image size-large\"><img fetchpriority=\"high\" decoding=\"async\" width=\"1024\" height=\"576\" src=\"https:\/\/ifap.org.br\/wp-content\/uploads\/2024\/05\/Jandira-Bettoni-1024x576.jpg\" alt=\"\" class=\"wp-image-833\" srcset=\"https:\/\/ifap.org.br\/wp-content\/uploads\/2024\/05\/Jandira-Bettoni-1024x576.jpg 1024w, https:\/\/ifap.org.br\/wp-content\/uploads\/2024\/05\/Jandira-Bettoni-300x169.jpg 300w, https:\/\/ifap.org.br\/wp-content\/uploads\/2024\/05\/Jandira-Bettoni-768x432.jpg 768w, https:\/\/ifap.org.br\/wp-content\/uploads\/2024\/05\/Jandira-Bettoni-1536x864.jpg 1536w, https:\/\/ifap.org.br\/wp-content\/uploads\/2024\/05\/Jandira-Bettoni.jpg 1920w\" sizes=\"(max-width: 1024px) 100vw, 1024px\" \/><\/figure>\n\n\n\n<p><em>&#8220;Estamos rodeadas, rodeados por uma nuvem t\u00e3o grande de testemunhas&#8230;&#8221; (cf. Hb 12,1)<\/em>&nbsp;<\/p>\n\n\n\n<p>Motivadas e motivados por essa palavra da Carta aos Hebreus, o Papa Francisco nos convida a celebrar a &#8220;Mem\u00f3ria Agradecida&#8221; como dimens\u00e3o fundante de nossa caminhada de f\u00e9.&nbsp;<\/p>\n\n\n\n<p>As Irm\u00e3s Franciscanas do Apostolado Paroquial (IFAP) e outras pessoas amigas e companheiras de f\u00e9 e de luta, convidam voc\u00ea para uma RODA DE CONVERSA e CELEBRA\u00c7\u00c3O (online) dos 30 ANOS de TRAVESSIA PASCAL da IRM\u00c3 JANDIRA BETTONI, no dia 27 de maio (segunda- feira), \u00e0s 19h de Bras\u00edlia.<\/p>\n\n\n\n<p>Participe atrav\u00e9s do Facebook ou YouTube das Irm\u00e3s Franciscanas do Apostolado Paroquial (IFAP).<\/p>\n\n\n\n<p>Ainda que seja outono, insistimos em semear primavera e contamos com sua presen\u00e7a e participa\u00e7\u00e3o nesse PIXIRUM de MEM\u00d3RIA, TESTEMUNHO e ESPERAN\u00c7A.<\/p>\n\n\n\n<p><strong>Servi\u00e7o:<\/strong><\/p>\n\n\n\n<p><strong>Evento:<\/strong> Roda de Conversa \u2018Irm\u00e3 Jandira Bettoni: 30 anos de mem\u00f3ria, testemunho e esperan\u00e7a.\u2019<\/p>\n\n\n\n<p><strong>Quando:<\/strong> 27 de maio (segunda-feira), \u00e0s 19 horas de Bras\u00edlia<\/p>\n\n\n\n<p><strong>Onde:<\/strong> Transmiss\u00e3o ao vivo pelas redes sociais da Irm\u00e3s Franciscanas do Apostolado Paroquial &#8211; IFAP<\/p>\n\n\n\n<p><em>Para participar pelo Facebook <a href=\"https:\/\/www.facebook.com\/events\/1616445365874780\" target=\"_blank\" rel=\"noreferrer noopener\"><strong>clique aqui<\/strong><\/a><\/em> <\/p>\n\n\n\n<p><em>Para participar pelo Youtube <a href=\"https:\/\/www.youtube.com\/watch?v=itpUq_CZQLc\"><strong>clique aqui<\/strong><\/a> <\/em> <\/p>\n","protected":false},"excerpt":{"rendered":"<p>&#8220;Estamos rodeadas, rodeados por uma nuvem t\u00e3o grande de testemunhas&#8230;&#8221; (cf. Hb 12,1)&nbsp; Motivadas e motivados por essa palavra da Carta aos Hebreus, o Papa Francisco nos convida a celebrar a &#8220;Mem\u00f3ria Agradecida&#8221; como dimens\u00e3o fundante de nossa caminhada de f\u00e9.&nbsp; As Irm\u00e3s Franciscanas do Apostolado Paroquial (IFAP) e outras pessoas amigas e companheiras de [&hellip;]<\/p>\n","protected":false},"author":1,"featured_media":833,"comment_status":"open","ping_status":"open","sticky":false,"template":"","format":"standard","meta":{"_monsterinsights_skip_tracking":false,"_monsterinsights_sitenote_active":false,"_monsterinsights_sitenote_note":"","_monsterinsights_sitenote_category":0,"footnotes":""},"categories":[1],"tags":[],"class_list":["post-832","post","type-post","status-publish","format-standard","has-post-thumbnail","hentry","category-blog"],"yoast_head":"<!-- This site is optimized with the Yoast SEO plugin v25.8 - https:\/\/yoast.com\/wordpress\/plugins\/seo\/ -->\n<title>Roda de conversa marca os 30 anos de mem\u00f3ria, testemunho e esperan\u00e7a da irm\u00e3 Jandira Bettoni\u00a0 - IFAP<\/title>\n<meta name=\"robots\" content=\"index, follow, max-snippet:-1, max-image-preview:large, max-video-preview:-1\" \/>\n<link rel=\"canonical\" href=\"https:\/\/ifap.org.br\/index.php\/2024\/05\/21\/roda-de-conversa-marca-os-30-anos-de-memoria-testemunho-e-esperanca-da-irma-jandira-bettoni\/\" \/>\n<meta property=\"og:locale\" content=\"pt_BR\" \/>\n<meta property=\"og:type\" content=\"article\" \/>\n<meta property=\"og:title\" content=\"Roda de conversa marca os 30 anos de mem\u00f3ria, testemunho e esperan\u00e7a da irm\u00e3 Jandira Bettoni\u00a0 - IFAP\" \/>\n<meta property=\"og:description\" content=\"&#8220;Estamos rodeadas, rodeados por uma nuvem t\u00e3o grande de testemunhas&#8230;&#8221; (cf. Hb 12,1)&nbsp; Motivadas e motivados por essa palavra da Carta aos Hebreus, o Papa Francisco nos convida a celebrar a &#8220;Mem\u00f3ria Agradecida&#8221; como dimens\u00e3o fundante de nossa caminhada de f\u00e9.&nbsp; As Irm\u00e3s Franciscanas do Apostolado Paroquial (IFAP) e outras pessoas amigas e companheiras de [&hellip;]\" \/>\n<meta property=\"og:url\" content=\"https:\/\/ifap.org.br\/index.php\/2024\/05\/21\/roda-de-conversa-marca-os-30-anos-de-memoria-testemunho-e-esperanca-da-irma-jandira-bettoni\/\" \/>\n<meta property=\"og:site_name\" content=\"IFAP\" \/>\n<meta property=\"article:publisher\" content=\"https:\/\/www.facebook.com\/irmasifap\" \/>\n<meta property=\"article:published_time\" content=\"2024-05-22T01:48:53+00:00\" \/>\n<meta property=\"article:modified_time\" content=\"2024-05-22T01:50:25+00:00\" \/>\n<meta property=\"og:image\" content=\"https:\/\/ifap.org.br\/wp-content\/uploads\/2024\/05\/Jandira-Bettoni.jpg\" \/>\n\t<meta property=\"og:image:width\" content=\"1920\" \/>\n\t<meta property=\"og:image:height\" content=\"1080\" \/>\n\t<meta property=\"og:image:type\" content=\"image\/jpeg\" \/>\n<meta name=\"author\" content=\"ifap.org.br\" \/>\n<meta name=\"twitter:card\" content=\"summary_large_image\" \/>\n<meta name=\"twitter:label1\" content=\"Escrito por\" \/>\n\t<meta name=\"twitter:data1\" content=\"ifap.org.br\" \/>\n\t<meta name=\"twitter:label2\" content=\"Est. tempo de leitura\" \/>\n\t<meta name=\"twitter:data2\" content=\"2 minutos\" \/>\n<script type=\"application\/ld+json\" class=\"yoast-schema-graph\">{\"@context\":\"https:\/\/schema.org\",\"@graph\":[{\"@type\":\"Article\",\"@id\":\"https:\/\/ifap.org.br\/index.php\/2024\/05\/21\/roda-de-conversa-marca-os-30-anos-de-memoria-testemunho-e-esperanca-da-irma-jandira-bettoni\/#article\",\"isPartOf\":{\"@id\":\"https:\/\/ifap.org.br\/index.php\/2024\/05\/21\/roda-de-conversa-marca-os-30-anos-de-memoria-testemunho-e-esperanca-da-irma-jandira-bettoni\/\"},\"author\":{\"name\":\"ifap.org.br\",\"@id\":\"https:\/\/ifap.org.br\/#\/schema\/person\/2cf526a4d4872e0640e6655ae1f2a7ce\"},\"headline\":\"Roda de conversa marca os 30 anos de mem\u00f3ria, testemunho e esperan\u00e7a da irm\u00e3 Jandira Bettoni\u00a0\",\"datePublished\":\"2024-05-22T01:48:53+00:00\",\"dateModified\":\"2024-05-22T01:50:25+00:00\",\"mainEntityOfPage\":{\"@id\":\"https:\/\/ifap.org.br\/index.php\/2024\/05\/21\/roda-de-conversa-marca-os-30-anos-de-memoria-testemunho-e-esperanca-da-irma-jandira-bettoni\/\"},\"wordCount\":208,\"commentCount\":0,\"publisher\":{\"@id\":\"https:\/\/ifap.org.br\/#organization\"},\"image\":{\"@id\":\"https:\/\/ifap.org.br\/index.php\/2024\/05\/21\/roda-de-conversa-marca-os-30-anos-de-memoria-testemunho-e-esperanca-da-irma-jandira-bettoni\/#primaryimage\"},\"thumbnailUrl\":\"https:\/\/ifap.org.br\/wp-content\/uploads\/2024\/05\/Jandira-Bettoni.jpg\",\"articleSection\":[\"Blog\"],\"inLanguage\":\"pt-BR\",\"potentialAction\":[{\"@type\":\"CommentAction\",\"name\":\"Comment\",\"target\":[\"https:\/\/ifap.org.br\/index.php\/2024\/05\/21\/roda-de-conversa-marca-os-30-anos-de-memoria-testemunho-e-esperanca-da-irma-jandira-bettoni\/#respond\"]}]},{\"@type\":\"WebPage\",\"@id\":\"https:\/\/ifap.org.br\/index.php\/2024\/05\/21\/roda-de-conversa-marca-os-30-anos-de-memoria-testemunho-e-esperanca-da-irma-jandira-bettoni\/\",\"url\":\"https:\/\/ifap.org.br\/index.php\/2024\/05\/21\/roda-de-conversa-marca-os-30-anos-de-memoria-testemunho-e-esperanca-da-irma-jandira-bettoni\/\",\"name\":\"Roda de conversa marca os 30 anos de mem\u00f3ria, testemunho e esperan\u00e7a da irm\u00e3 Jandira Bettoni\u00a0 - IFAP\",\"isPartOf\":{\"@id\":\"https:\/\/ifap.org.br\/#website\"},\"primaryImageOfPage\":{\"@id\":\"https:\/\/ifap.org.br\/index.php\/2024\/05\/21\/roda-de-conversa-marca-os-30-anos-de-memoria-testemunho-e-esperanca-da-irma-jandira-bettoni\/#primaryimage\"},\"image\":{\"@id\":\"https:\/\/ifap.org.br\/index.php\/2024\/05\/21\/roda-de-conversa-marca-os-30-anos-de-memoria-testemunho-e-esperanca-da-irma-jandira-bettoni\/#primaryimage\"},\"thumbnailUrl\":\"https:\/\/ifap.org.br\/wp-content\/uploads\/2024\/05\/Jandira-Bettoni.jpg\",\"datePublished\":\"2024-05-22T01:48:53+00:00\",\"dateModified\":\"2024-05-22T01:50:25+00:00\",\"breadcrumb\":{\"@id\":\"https:\/\/ifap.org.br\/index.php\/2024\/05\/21\/roda-de-conversa-marca-os-30-anos-de-memoria-testemunho-e-esperanca-da-irma-jandira-bettoni\/#breadcrumb\"},\"inLanguage\":\"pt-BR\",\"potentialAction\":[{\"@type\":\"ReadAction\",\"target\":[\"https:\/\/ifap.org.br\/index.php\/2024\/05\/21\/roda-de-conversa-marca-os-30-anos-de-memoria-testemunho-e-esperanca-da-irma-jandira-bettoni\/\"]}]},{\"@type\":\"ImageObject\",\"inLanguage\":\"pt-BR\",\"@id\":\"https:\/\/ifap.org.br\/index.php\/2024\/05\/21\/roda-de-conversa-marca-os-30-anos-de-memoria-testemunho-e-esperanca-da-irma-jandira-bettoni\/#primaryimage\",\"url\":\"https:\/\/ifap.org.br\/wp-content\/uploads\/2024\/05\/Jandira-Bettoni.jpg\",\"contentUrl\":\"https:\/\/ifap.org.br\/wp-content\/uploads\/2024\/05\/Jandira-Bettoni.jpg\",\"width\":1920,\"height\":1080},{\"@type\":\"BreadcrumbList\",\"@id\":\"https:\/\/ifap.org.br\/index.php\/2024\/05\/21\/roda-de-conversa-marca-os-30-anos-de-memoria-testemunho-e-esperanca-da-irma-jandira-bettoni\/#breadcrumb\",\"itemListElement\":[{\"@type\":\"ListItem\",\"position\":1,\"name\":\"In\u00edcio\",\"item\":\"https:\/\/ifap.org.br\/\"},{\"@type\":\"ListItem\",\"position\":2,\"name\":\"Roda de conversa marca os 30 anos de mem\u00f3ria, testemunho e esperan\u00e7a da irm\u00e3 Jandira Bettoni\u00a0\"}]},{\"@type\":\"WebSite\",\"@id\":\"https:\/\/ifap.org.br\/#website\",\"url\":\"https:\/\/ifap.org.br\/\",\"name\":\"IFAP\",\"description\":\"\",\"publisher\":{\"@id\":\"https:\/\/ifap.org.br\/#organization\"},\"potentialAction\":[{\"@type\":\"SearchAction\",\"target\":{\"@type\":\"EntryPoint\",\"urlTemplate\":\"https:\/\/ifap.org.br\/?s={search_term_string}\"},\"query-input\":{\"@type\":\"PropertyValueSpecification\",\"valueRequired\":true,\"valueName\":\"search_term_string\"}}],\"inLanguage\":\"pt-BR\"},{\"@type\":\"Organization\",\"@id\":\"https:\/\/ifap.org.br\/#organization\",\"name\":\"IFAP\",\"url\":\"https:\/\/ifap.org.br\/\",\"logo\":{\"@type\":\"ImageObject\",\"inLanguage\":\"pt-BR\",\"@id\":\"https:\/\/ifap.org.br\/#\/schema\/logo\/image\/\",\"url\":\"https:\/\/ifap.org.br\/wp-content\/uploads\/2024\/03\/logo.png\",\"contentUrl\":\"https:\/\/ifap.org.br\/wp-content\/uploads\/2024\/03\/logo.png\",\"width\":185,\"height\":80,\"caption\":\"IFAP\"},\"image\":{\"@id\":\"https:\/\/ifap.org.br\/#\/schema\/logo\/image\/\"},\"sameAs\":[\"https:\/\/www.facebook.com\/irmasifap\"]},{\"@type\":\"Person\",\"@id\":\"https:\/\/ifap.org.br\/#\/schema\/person\/2cf526a4d4872e0640e6655ae1f2a7ce\",\"name\":\"ifap.org.br\",\"image\":{\"@type\":\"ImageObject\",\"inLanguage\":\"pt-BR\",\"@id\":\"https:\/\/ifap.org.br\/#\/schema\/person\/image\/\",\"url\":\"https:\/\/secure.gravatar.com\/avatar\/d7e4cf8004331a92e6e4b4d9b757577f495f629f81c5837a011c3b83930e69e2?s=96&d=mm&r=g\",\"contentUrl\":\"https:\/\/secure.gravatar.com\/avatar\/d7e4cf8004331a92e6e4b4d9b757577f495f629f81c5837a011c3b83930e69e2?s=96&d=mm&r=g\",\"caption\":\"ifap.org.br\"},\"sameAs\":[\"https:\/\/ifap.org.br\"],\"url\":\"https:\/\/ifap.org.br\/index.php\/author\/mediumturquoise-rabbit-412052-hostingersite-com\/\"}]}<\/script>\n<!-- \/ Yoast SEO plugin. -->","yoast_head_json":{"title":"Roda de conversa marca os 30 anos de mem\u00f3ria, testemunho e esperan\u00e7a da irm\u00e3 Jandira Bettoni\u00a0 - IFAP","robots":{"index":"index","follow":"follow","max-snippet":"max-snippet:-1","max-image-preview":"max-image-preview:large","max-video-preview":"max-video-preview:-1"},"canonical":"https:\/\/ifap.org.br\/index.php\/2024\/05\/21\/roda-de-conversa-marca-os-30-anos-de-memoria-testemunho-e-esperanca-da-irma-jandira-bettoni\/","og_locale":"pt_BR","og_type":"article","og_title":"Roda de conversa marca os 30 anos de mem\u00f3ria, testemunho e esperan\u00e7a da irm\u00e3 Jandira Bettoni\u00a0 - IFAP","og_description":"&#8220;Estamos rodeadas, rodeados por uma nuvem t\u00e3o grande de testemunhas&#8230;&#8221; (cf. Hb 12,1)&nbsp; Motivadas e motivados por essa palavra da Carta aos Hebreus, o Papa Francisco nos convida a celebrar a &#8220;Mem\u00f3ria Agradecida&#8221; como dimens\u00e3o fundante de nossa caminhada de f\u00e9.&nbsp; As Irm\u00e3s Franciscanas do Apostolado Paroquial (IFAP) e outras pessoas amigas e companheiras de [&hellip;]","og_url":"https:\/\/ifap.org.br\/index.php\/2024\/05\/21\/roda-de-conversa-marca-os-30-anos-de-memoria-testemunho-e-esperanca-da-irma-jandira-bettoni\/","og_site_name":"IFAP","article_publisher":"https:\/\/www.facebook.com\/irmasifap","article_published_time":"2024-05-22T01:48:53+00:00","article_modified_time":"2024-05-22T01:50:25+00:00","og_image":[{"width":1920,"height":1080,"url":"https:\/\/ifap.org.br\/wp-content\/uploads\/2024\/05\/Jandira-Bettoni.jpg","type":"image\/jpeg"}],"author":"ifap.org.br","twitter_card":"summary_large_image","twitter_misc":{"Escrito por":"ifap.org.br","Est. tempo de leitura":"2 minutos"},"schema":{"@context":"https:\/\/schema.org","@graph":[{"@type":"Article","@id":"https:\/\/ifap.org.br\/index.php\/2024\/05\/21\/roda-de-conversa-marca-os-30-anos-de-memoria-testemunho-e-esperanca-da-irma-jandira-bettoni\/#article","isPartOf":{"@id":"https:\/\/ifap.org.br\/index.php\/2024\/05\/21\/roda-de-conversa-marca-os-30-anos-de-memoria-testemunho-e-esperanca-da-irma-jandira-bettoni\/"},"author":{"name":"ifap.org.br","@id":"https:\/\/ifap.org.br\/#\/schema\/person\/2cf526a4d4872e0640e6655ae1f2a7ce"},"headline":"Roda de conversa marca os 30 anos de mem\u00f3ria, testemunho e esperan\u00e7a da irm\u00e3 Jandira Bettoni\u00a0","datePublished":"2024-05-22T01:48:53+00:00","dateModified":"2024-05-22T01:50:25+00:00","mainEntityOfPage":{"@id":"https:\/\/ifap.org.br\/index.php\/2024\/05\/21\/roda-de-conversa-marca-os-30-anos-de-memoria-testemunho-e-esperanca-da-irma-jandira-bettoni\/"},"wordCount":208,"commentCount":0,"publisher":{"@id":"https:\/\/ifap.org.br\/#organization"},"image":{"@id":"https:\/\/ifap.org.br\/index.php\/2024\/05\/21\/roda-de-conversa-marca-os-30-anos-de-memoria-testemunho-e-esperanca-da-irma-jandira-bettoni\/#primaryimage"},"thumbnailUrl":"https:\/\/ifap.org.br\/wp-content\/uploads\/2024\/05\/Jandira-Bettoni.jpg","articleSection":["Blog"],"inLanguage":"pt-BR","potentialAction":[{"@type":"CommentAction","name":"Comment","target":["https:\/\/ifap.org.br\/index.php\/2024\/05\/21\/roda-de-conversa-marca-os-30-anos-de-memoria-testemunho-e-esperanca-da-irma-jandira-bettoni\/#respond"]}]},{"@type":"WebPage","@id":"https:\/\/ifap.org.br\/index.php\/2024\/05\/21\/roda-de-conversa-marca-os-30-anos-de-memoria-testemunho-e-esperanca-da-irma-jandira-bettoni\/","url":"https:\/\/ifap.org.br\/index.php\/2024\/05\/21\/roda-de-conversa-marca-os-30-anos-de-memoria-testemunho-e-esperanca-da-irma-jandira-bettoni\/","name":"Roda de conversa marca os 30 anos de mem\u00f3ria, testemunho e esperan\u00e7a da irm\u00e3 Jandira Bettoni\u00a0 - IFAP","isPartOf":{"@id":"https:\/\/ifap.org.br\/#website"},"primaryImageOfPage":{"@id":"https:\/\/ifap.org.br\/index.php\/2024\/05\/21\/roda-de-conversa-marca-os-30-anos-de-memoria-testemunho-e-esperanca-da-irma-jandira-bettoni\/#primaryimage"},"image":{"@id":"https:\/\/ifap.org.br\/index.php\/2024\/05\/21\/roda-de-conversa-marca-os-30-anos-de-memoria-testemunho-e-esperanca-da-irma-jandira-bettoni\/#primaryimage"},"thumbnailUrl":"https:\/\/ifap.org.br\/wp-content\/uploads\/2024\/05\/Jandira-Bettoni.jpg","datePublished":"2024-05-22T01:48:53+00:00","dateModified":"2024-05-22T01:50:25+00:00","breadcrumb":{"@id":"https:\/\/ifap.org.br\/index.php\/2024\/05\/21\/roda-de-conversa-marca-os-30-anos-de-memoria-testemunho-e-esperanca-da-irma-jandira-bettoni\/#breadcrumb"},"inLanguage":"pt-BR","potentialAction":[{"@type":"ReadAction","target":["https:\/\/ifap.org.br\/index.php\/2024\/05\/21\/roda-de-conversa-marca-os-30-anos-de-memoria-testemunho-e-esperanca-da-irma-jandira-bettoni\/"]}]},{"@type":"ImageObject","inLanguage":"pt-BR","@id":"https:\/\/ifap.org.br\/index.php\/2024\/05\/21\/roda-de-conversa-marca-os-30-anos-de-memoria-testemunho-e-esperanca-da-irma-jandira-bettoni\/#primaryimage","url":"https:\/\/ifap.org.br\/wp-content\/uploads\/2024\/05\/Jandira-Bettoni.jpg","contentUrl":"https:\/\/ifap.org.br\/wp-content\/uploads\/2024\/05\/Jandira-Bettoni.jpg","width":1920,"height":1080},{"@type":"BreadcrumbList","@id":"https:\/\/ifap.org.br\/index.php\/2024\/05\/21\/roda-de-conversa-marca-os-30-anos-de-memoria-testemunho-e-esperanca-da-irma-jandira-bettoni\/#breadcrumb","itemListElement":[{"@type":"ListItem","position":1,"name":"In\u00edcio","item":"https:\/\/ifap.org.br\/"},{"@type":"ListItem","position":2,"name":"Roda de conversa marca os 30 anos de mem\u00f3ria, testemunho e esperan\u00e7a da irm\u00e3 Jandira Bettoni\u00a0"}]},{"@type":"WebSite","@id":"https:\/\/ifap.org.br\/#website","url":"https:\/\/ifap.org.br\/","name":"IFAP","description":"","publisher":{"@id":"https:\/\/ifap.org.br\/#organization"},"potentialAction":[{"@type":"SearchAction","target":{"@type":"EntryPoint","urlTemplate":"https:\/\/ifap.org.br\/?s={search_term_string}"},"query-input":{"@type":"PropertyValueSpecification","valueRequired":true,"valueName":"search_term_string"}}],"inLanguage":"pt-BR"},{"@type":"Organization","@id":"https:\/\/ifap.org.br\/#organization","name":"IFAP","url":"https:\/\/ifap.org.br\/","logo":{"@type":"ImageObject","inLanguage":"pt-BR","@id":"https:\/\/ifap.org.br\/#\/schema\/logo\/image\/","url":"https:\/\/ifap.org.br\/wp-content\/uploads\/2024\/03\/logo.png","contentUrl":"https:\/\/ifap.org.br\/wp-content\/uploads\/2024\/03\/logo.png","width":185,"height":80,"caption":"IFAP"},"image":{"@id":"https:\/\/ifap.org.br\/#\/schema\/logo\/image\/"},"sameAs":["https:\/\/www.facebook.com\/irmasifap"]},{"@type":"Person","@id":"https:\/\/ifap.org.br\/#\/schema\/person\/2cf526a4d4872e0640e6655ae1f2a7ce","name":"ifap.org.br","image":{"@type":"ImageObject","inLanguage":"pt-BR","@id":"https:\/\/ifap.org.br\/#\/schema\/person\/image\/","url":"https:\/\/secure.gravatar.com\/avatar\/d7e4cf8004331a92e6e4b4d9b757577f495f629f81c5837a011c3b83930e69e2?s=96&d=mm&r=g","contentUrl":"https:\/\/secure.gravatar.com\/avatar\/d7e4cf8004331a92e6e4b4d9b757577f495f629f81c5837a011c3b83930e69e2?s=96&d=mm&r=g","caption":"ifap.org.br"},"sameAs":["https:\/\/ifap.org.br"],"url":"https:\/\/ifap.org.br\/index.php\/author\/mediumturquoise-rabbit-412052-hostingersite-com\/"}]}},"_links":{"self":[{"href":"https:\/\/ifap.org.br\/index.php\/wp-json\/wp\/v2\/posts\/832","targetHints":{"allow":["GET"]}}],"collection":[{"href":"https:\/\/ifap.org.br\/index.php\/wp-json\/wp\/v2\/posts"}],"about":[{"href":"https:\/\/ifap.org.br\/index.php\/wp-json\/wp\/v2\/types\/post"}],"author":[{"embeddable":true,"href":"https:\/\/ifap.org.br\/index.php\/wp-json\/wp\/v2\/users\/1"}],"replies":[{"embeddable":true,"href":"https:\/\/ifap.org.br\/index.php\/wp-json\/wp\/v2\/comments?post=832"}],"version-history":[{"count":3,"href":"https:\/\/ifap.org.br\/index.php\/wp-json\/wp\/v2\/posts\/832\/revisions"}],"predecessor-version":[{"id":837,"href":"https:\/\/ifap.org.br\/index.php\/wp-json\/wp\/v2\/posts\/832\/revisions\/837"}],"wp:featuredmedia":[{"embeddable":true,"href":"https:\/\/ifap.org.br\/index.php\/wp-json\/wp\/v2\/media\/833"}],"wp:attachment":[{"href":"https:\/\/ifap.org.br\/index.php\/wp-json\/wp\/v2\/media?parent=832"}],"wp:term":[{"taxonomy":"category","embeddable":true,"href":"https:\/\/ifap.org.br\/index.php\/wp-json\/wp\/v2\/categories?post=832"},{"taxonomy":"post_tag","embeddable":true,"href":"https:\/\/ifap.org.br\/index.php\/wp-json\/wp\/v2\/tags?post=832"}],"curies":[{"name":"wp","href":"https:\/\/api.w.org\/{rel}","templated":true}]}}