{"id":838,"date":"2024-05-24T17:21:47","date_gmt":"2024-05-24T20:21:47","guid":{"rendered":"https:\/\/ifap.org.br\/?p=838"},"modified":"2024-05-24T17:21:48","modified_gmt":"2024-05-24T20:21:48","slug":"fortaleza-sediara-o-congresso-nacional-dos-70-anos-da-crb-nacional-celebrando-memoria-mistica-profecia-e-esperanca","status":"publish","type":"post","link":"https:\/\/ifap.org.br\/index.php\/2024\/05\/24\/fortaleza-sediara-o-congresso-nacional-dos-70-anos-da-crb-nacional-celebrando-memoria-mistica-profecia-e-esperanca\/","title":{"rendered":"Fortaleza sediar\u00e1 o Congresso Nacional dos 70 Anos da CRB Nacional, Celebrando Mem\u00f3ria, M\u00edstica, Profecia e Esperan\u00e7a"},"content":{"rendered":"\n<figure class=\"wp-block-image size-large\"><img fetchpriority=\"high\" decoding=\"async\" width=\"1024\" height=\"670\" src=\"https:\/\/ifap.org.br\/wp-content\/uploads\/2024\/05\/Design-sem-nome-6-1024x670.png\" alt=\"\" class=\"wp-image-840\" srcset=\"https:\/\/ifap.org.br\/wp-content\/uploads\/2024\/05\/Design-sem-nome-6-1024x670.png 1024w, https:\/\/ifap.org.br\/wp-content\/uploads\/2024\/05\/Design-sem-nome-6-300x196.png 300w, https:\/\/ifap.org.br\/wp-content\/uploads\/2024\/05\/Design-sem-nome-6-768x503.png 768w, https:\/\/ifap.org.br\/wp-content\/uploads\/2024\/05\/Design-sem-nome-6.png 1280w\" sizes=\"(max-width: 1024px) 100vw, 1024px\" \/><\/figure>\n\n\n\n<p>Fortaleza, a deslumbrante capital do Cear\u00e1, ser\u00e1 o cen\u00e1rio do Congresso Nacional dos 70 Anos da Confer\u00eancia dos Religiosos do Brasil (CRB Nacional), um evento singular que reunir\u00e1 mais de 800 participantes de diversas regi\u00f5es do Brasil. Agendado para acontecer de 30 de maio a 02 de junho de 2024, este congresso se destaca sob o tema &#8220;Mem\u00f3ria, M\u00edstica, Profecia e Esperan\u00e7a&#8221;, oferecendo um espa\u00e7o para celebra\u00e7\u00e3o, reflex\u00e3o e perspectivas futuras.<\/p>\n\n\n\n<p>Al\u00e9m de renomados painelistas que explorar\u00e3o a tem\u00e1tica, o congresso contar\u00e1 com a presen\u00e7a de dois ex-presidentes da CRB Nacional, bem como representantes da secretaria executiva da Confedera\u00e7\u00e3o Latino-Americana de Religiosos (CLAR), refor\u00e7ando a import\u00e2ncia e o alcance internacional deste evento. Para imortalizar este momento hist\u00f3rico, a equipe de Comunica\u00e7\u00e3o da CRB preparou um document\u00e1rio que narra os 70 anos de vida prof\u00e9tica desta institui\u00e7\u00e3o, juntamente com uma revista especial comemorativa, destacando as conquistas e os desafios enfrentados ao longo dessa trajet\u00f3ria.<\/p>\n\n\n\n<p>A CRB Nacional, fundada em 11 de fevereiro de 1954, durante o Congresso Nacional dos Religiosos, \u00e9 reconhecida como uma organiza\u00e7\u00e3o religiosa de pleno direito can\u00f4nico, com seu estatuto aprovado pela Sagrada Congrega\u00e7\u00e3o dos Religiosos. Seu surgimento foi uma resposta ao contexto global no qual a Vida Consagrada percebeu a necessidade de atualiza\u00e7\u00e3o, coopera\u00e7\u00e3o e esfor\u00e7os colaborativos, evidenciados no Congresso Internacional dos Religiosos em Roma, em 1950.<\/p>\n\n\n\n<p>A miss\u00e3o da CRB Nacional abra\u00e7a diversos prop\u00f3sitos, incluindo o fomento da comunh\u00e3o entre os membros dos diferentes Institutos Religiosos, a coordena\u00e7\u00e3o de iniciativas para constru\u00e7\u00e3o de alian\u00e7as intercongregacionais na forma\u00e7\u00e3o e miss\u00e3o, e a promo\u00e7\u00e3o da inclus\u00e3o social em meios populares em situa\u00e7\u00e3o de vulnerabilidade, entre outros objetivos de defesa e prote\u00e7\u00e3o da vida por meio de seu profetismo.<\/p>\n\n\n\n<p>Atualmente, a CRB Nacional conta com 20 regionais sediadas nas principais capitais do pa\u00eds, desempenhando um papel fundamental na dinamiza\u00e7\u00e3o da vida religiosa. Com um impressionante n\u00famero de religiosos e religiosas dedicados \u00e0 miss\u00e3o consagrada em diversas \u00e1reas de atua\u00e7\u00e3o, a CRB Nacional conta com um cadastro de 24.915 religiosos perp\u00e9tuos e 1.757 com votos religiosos tempor\u00e1rios, demonstrando um compromisso s\u00f3lido com sua voca\u00e7\u00e3o e miss\u00e3o.<\/p>\n\n\n\n<p>Durante os quatro dias de evento, os participantes ter\u00e3o acesso a uma programa\u00e7\u00e3o diversificada, que inclui palestras, mesas-redondas, oficinas e momentos de espiritualidade, todos cuidadosamente elaborados para explorar os pilares fundamentais do tema do congresso: Mem\u00f3ria, M\u00edstica, Profecia e Esperan\u00e7a.<br>L\u00edderes religiosos de destaque e especialistas renomados estar\u00e3o presentes para compartilhar suas perspectivas e experi\u00eancias, enriquecendo as discuss\u00f5es e reflex\u00f5es propostas.<\/p>\n\n\n\n<p>Este congresso n\u00e3o apenas celebra um marco significativo na hist\u00f3ria da CRB Nacional, mas tamb\u00e9m representa um momento de renova\u00e7\u00e3o e reafirma\u00e7\u00e3o dos valores que orientam o trabalho e a miss\u00e3o dos religiosos em todo o Brasil.<\/p>\n\n\n\n<h2 class=\"wp-block-heading\"><strong>IFAP no Congresso<\/strong><\/h2>\n\n\n\n<p>A Congrega\u00e7\u00e3o das Irm\u00e3s Franciscanas do Apostolado Paroquial estar\u00e3o presentes no Congresso, sedo representadas pela coordenadora geral, irm\u00e3 Silvia Cristina Lopes de Oliveira, da Irmandade Nossa Senhora do Ros\u00e1rio &#8211; Sede Geral, e pela irm\u00e3 Noemi Klaus Varela, da Irmandade Mission\u00e1ria do Esp\u00edrito Santo. <\/p>\n\n\n\n<p>Para mais informa\u00e7\u00f5es sobre o Congresso Nacional dos 70 Anos da CRB Nacional, entre em contato com a Assessoria de Comunica\u00e7\u00e3o da CRB Nacional pelo e-mail: comunicacao@crbnacional.org.br ou pelo telefone: +55 (61) 98424-0442.<\/p>\n","protected":false},"excerpt":{"rendered":"<p>Fortaleza, a deslumbrante capital do Cear\u00e1, ser\u00e1 o cen\u00e1rio do Congresso Nacional dos 70 Anos da Confer\u00eancia dos Religiosos do Brasil (CRB Nacional), um evento singular que reunir\u00e1 mais de 800 participantes de diversas regi\u00f5es do Brasil. Agendado para acontecer de 30 de maio a 02 de junho de 2024, este congresso se destaca sob [&hellip;]<\/p>\n","protected":false},"author":1,"featured_media":840,"comment_status":"open","ping_status":"open","sticky":false,"template":"","format":"standard","meta":{"_monsterinsights_skip_tracking":false,"_monsterinsights_sitenote_active":false,"_monsterinsights_sitenote_note":"","_monsterinsights_sitenote_category":0,"footnotes":""},"categories":[1],"tags":[],"class_list":["post-838","post","type-post","status-publish","format-standard","has-post-thumbnail","hentry","category-blog"],"yoast_head":"<!-- This site is optimized with the Yoast SEO plugin v25.8 - https:\/\/yoast.com\/wordpress\/plugins\/seo\/ -->\n<title>Fortaleza sediar\u00e1 o Congresso Nacional dos 70 Anos da CRB Nacional, Celebrando Mem\u00f3ria, M\u00edstica, Profecia e Esperan\u00e7a - IFAP<\/title>\n<meta name=\"robots\" content=\"index, follow, max-snippet:-1, max-image-preview:large, max-video-preview:-1\" \/>\n<link rel=\"canonical\" href=\"https:\/\/ifap.org.br\/index.php\/2024\/05\/24\/fortaleza-sediara-o-congresso-nacional-dos-70-anos-da-crb-nacional-celebrando-memoria-mistica-profecia-e-esperanca\/\" \/>\n<meta property=\"og:locale\" content=\"pt_BR\" \/>\n<meta property=\"og:type\" content=\"article\" \/>\n<meta property=\"og:title\" content=\"Fortaleza sediar\u00e1 o Congresso Nacional dos 70 Anos da CRB Nacional, Celebrando Mem\u00f3ria, M\u00edstica, Profecia e Esperan\u00e7a - IFAP\" \/>\n<meta property=\"og:description\" content=\"Fortaleza, a deslumbrante capital do Cear\u00e1, ser\u00e1 o cen\u00e1rio do Congresso Nacional dos 70 Anos da Confer\u00eancia dos Religiosos do Brasil (CRB Nacional), um evento singular que reunir\u00e1 mais de 800 participantes de diversas regi\u00f5es do Brasil. Agendado para acontecer de 30 de maio a 02 de junho de 2024, este congresso se destaca sob [&hellip;]\" \/>\n<meta property=\"og:url\" content=\"https:\/\/ifap.org.br\/index.php\/2024\/05\/24\/fortaleza-sediara-o-congresso-nacional-dos-70-anos-da-crb-nacional-celebrando-memoria-mistica-profecia-e-esperanca\/\" \/>\n<meta property=\"og:site_name\" content=\"IFAP\" \/>\n<meta property=\"article:publisher\" content=\"https:\/\/www.facebook.com\/irmasifap\" \/>\n<meta property=\"article:published_time\" content=\"2024-05-24T20:21:47+00:00\" \/>\n<meta property=\"article:modified_time\" content=\"2024-05-24T20:21:48+00:00\" \/>\n<meta property=\"og:image\" content=\"https:\/\/ifap.org.br\/wp-content\/uploads\/2024\/05\/Design-sem-nome-6.png\" \/>\n\t<meta property=\"og:image:width\" content=\"1280\" \/>\n\t<meta property=\"og:image:height\" content=\"838\" \/>\n\t<meta property=\"og:image:type\" content=\"image\/png\" \/>\n<meta name=\"author\" content=\"ifap.org.br\" \/>\n<meta name=\"twitter:card\" content=\"summary_large_image\" \/>\n<meta name=\"twitter:label1\" content=\"Escrito por\" \/>\n\t<meta name=\"twitter:data1\" content=\"ifap.org.br\" \/>\n\t<meta name=\"twitter:label2\" content=\"Est. tempo de leitura\" \/>\n\t<meta name=\"twitter:data2\" content=\"4 minutos\" \/>\n<script type=\"application\/ld+json\" class=\"yoast-schema-graph\">{\"@context\":\"https:\/\/schema.org\",\"@graph\":[{\"@type\":\"Article\",\"@id\":\"https:\/\/ifap.org.br\/index.php\/2024\/05\/24\/fortaleza-sediara-o-congresso-nacional-dos-70-anos-da-crb-nacional-celebrando-memoria-mistica-profecia-e-esperanca\/#article\",\"isPartOf\":{\"@id\":\"https:\/\/ifap.org.br\/index.php\/2024\/05\/24\/fortaleza-sediara-o-congresso-nacional-dos-70-anos-da-crb-nacional-celebrando-memoria-mistica-profecia-e-esperanca\/\"},\"author\":{\"name\":\"ifap.org.br\",\"@id\":\"https:\/\/ifap.org.br\/#\/schema\/person\/2cf526a4d4872e0640e6655ae1f2a7ce\"},\"headline\":\"Fortaleza sediar\u00e1 o Congresso Nacional dos 70 Anos da CRB Nacional, Celebrando Mem\u00f3ria, M\u00edstica, Profecia e Esperan\u00e7a\",\"datePublished\":\"2024-05-24T20:21:47+00:00\",\"dateModified\":\"2024-05-24T20:21:48+00:00\",\"mainEntityOfPage\":{\"@id\":\"https:\/\/ifap.org.br\/index.php\/2024\/05\/24\/fortaleza-sediara-o-congresso-nacional-dos-70-anos-da-crb-nacional-celebrando-memoria-mistica-profecia-e-esperanca\/\"},\"wordCount\":604,\"commentCount\":0,\"publisher\":{\"@id\":\"https:\/\/ifap.org.br\/#organization\"},\"image\":{\"@id\":\"https:\/\/ifap.org.br\/index.php\/2024\/05\/24\/fortaleza-sediara-o-congresso-nacional-dos-70-anos-da-crb-nacional-celebrando-memoria-mistica-profecia-e-esperanca\/#primaryimage\"},\"thumbnailUrl\":\"https:\/\/ifap.org.br\/wp-content\/uploads\/2024\/05\/Design-sem-nome-6.png\",\"articleSection\":[\"Blog\"],\"inLanguage\":\"pt-BR\",\"potentialAction\":[{\"@type\":\"CommentAction\",\"name\":\"Comment\",\"target\":[\"https:\/\/ifap.org.br\/index.php\/2024\/05\/24\/fortaleza-sediara-o-congresso-nacional-dos-70-anos-da-crb-nacional-celebrando-memoria-mistica-profecia-e-esperanca\/#respond\"]}]},{\"@type\":\"WebPage\",\"@id\":\"https:\/\/ifap.org.br\/index.php\/2024\/05\/24\/fortaleza-sediara-o-congresso-nacional-dos-70-anos-da-crb-nacional-celebrando-memoria-mistica-profecia-e-esperanca\/\",\"url\":\"https:\/\/ifap.org.br\/index.php\/2024\/05\/24\/fortaleza-sediara-o-congresso-nacional-dos-70-anos-da-crb-nacional-celebrando-memoria-mistica-profecia-e-esperanca\/\",\"name\":\"Fortaleza sediar\u00e1 o Congresso Nacional dos 70 Anos da CRB Nacional, Celebrando Mem\u00f3ria, M\u00edstica, Profecia e Esperan\u00e7a - IFAP\",\"isPartOf\":{\"@id\":\"https:\/\/ifap.org.br\/#website\"},\"primaryImageOfPage\":{\"@id\":\"https:\/\/ifap.org.br\/index.php\/2024\/05\/24\/fortaleza-sediara-o-congresso-nacional-dos-70-anos-da-crb-nacional-celebrando-memoria-mistica-profecia-e-esperanca\/#primaryimage\"},\"image\":{\"@id\":\"https:\/\/ifap.org.br\/index.php\/2024\/05\/24\/fortaleza-sediara-o-congresso-nacional-dos-70-anos-da-crb-nacional-celebrando-memoria-mistica-profecia-e-esperanca\/#primaryimage\"},\"thumbnailUrl\":\"https:\/\/ifap.org.br\/wp-content\/uploads\/2024\/05\/Design-sem-nome-6.png\",\"datePublished\":\"2024-05-24T20:21:47+00:00\",\"dateModified\":\"2024-05-24T20:21:48+00:00\",\"breadcrumb\":{\"@id\":\"https:\/\/ifap.org.br\/index.php\/2024\/05\/24\/fortaleza-sediara-o-congresso-nacional-dos-70-anos-da-crb-nacional-celebrando-memoria-mistica-profecia-e-esperanca\/#breadcrumb\"},\"inLanguage\":\"pt-BR\",\"potentialAction\":[{\"@type\":\"ReadAction\",\"target\":[\"https:\/\/ifap.org.br\/index.php\/2024\/05\/24\/fortaleza-sediara-o-congresso-nacional-dos-70-anos-da-crb-nacional-celebrando-memoria-mistica-profecia-e-esperanca\/\"]}]},{\"@type\":\"ImageObject\",\"inLanguage\":\"pt-BR\",\"@id\":\"https:\/\/ifap.org.br\/index.php\/2024\/05\/24\/fortaleza-sediara-o-congresso-nacional-dos-70-anos-da-crb-nacional-celebrando-memoria-mistica-profecia-e-esperanca\/#primaryimage\",\"url\":\"https:\/\/ifap.org.br\/wp-content\/uploads\/2024\/05\/Design-sem-nome-6.png\",\"contentUrl\":\"https:\/\/ifap.org.br\/wp-content\/uploads\/2024\/05\/Design-sem-nome-6.png\",\"width\":1280,\"height\":838},{\"@type\":\"BreadcrumbList\",\"@id\":\"https:\/\/ifap.org.br\/index.php\/2024\/05\/24\/fortaleza-sediara-o-congresso-nacional-dos-70-anos-da-crb-nacional-celebrando-memoria-mistica-profecia-e-esperanca\/#breadcrumb\",\"itemListElement\":[{\"@type\":\"ListItem\",\"position\":1,\"name\":\"In\u00edcio\",\"item\":\"https:\/\/ifap.org.br\/\"},{\"@type\":\"ListItem\",\"position\":2,\"name\":\"Fortaleza sediar\u00e1 o Congresso Nacional dos 70 Anos da CRB Nacional, Celebrando Mem\u00f3ria, M\u00edstica, Profecia e Esperan\u00e7a\"}]},{\"@type\":\"WebSite\",\"@id\":\"https:\/\/ifap.org.br\/#website\",\"url\":\"https:\/\/ifap.org.br\/\",\"name\":\"IFAP\",\"description\":\"\",\"publisher\":{\"@id\":\"https:\/\/ifap.org.br\/#organization\"},\"potentialAction\":[{\"@type\":\"SearchAction\",\"target\":{\"@type\":\"EntryPoint\",\"urlTemplate\":\"https:\/\/ifap.org.br\/?s={search_term_string}\"},\"query-input\":{\"@type\":\"PropertyValueSpecification\",\"valueRequired\":true,\"valueName\":\"search_term_string\"}}],\"inLanguage\":\"pt-BR\"},{\"@type\":\"Organization\",\"@id\":\"https:\/\/ifap.org.br\/#organization\",\"name\":\"IFAP\",\"url\":\"https:\/\/ifap.org.br\/\",\"logo\":{\"@type\":\"ImageObject\",\"inLanguage\":\"pt-BR\",\"@id\":\"https:\/\/ifap.org.br\/#\/schema\/logo\/image\/\",\"url\":\"https:\/\/ifap.org.br\/wp-content\/uploads\/2024\/03\/logo.png\",\"contentUrl\":\"https:\/\/ifap.org.br\/wp-content\/uploads\/2024\/03\/logo.png\",\"width\":185,\"height\":80,\"caption\":\"IFAP\"},\"image\":{\"@id\":\"https:\/\/ifap.org.br\/#\/schema\/logo\/image\/\"},\"sameAs\":[\"https:\/\/www.facebook.com\/irmasifap\"]},{\"@type\":\"Person\",\"@id\":\"https:\/\/ifap.org.br\/#\/schema\/person\/2cf526a4d4872e0640e6655ae1f2a7ce\",\"name\":\"ifap.org.br\",\"image\":{\"@type\":\"ImageObject\",\"inLanguage\":\"pt-BR\",\"@id\":\"https:\/\/ifap.org.br\/#\/schema\/person\/image\/\",\"url\":\"https:\/\/secure.gravatar.com\/avatar\/d7e4cf8004331a92e6e4b4d9b757577f495f629f81c5837a011c3b83930e69e2?s=96&d=mm&r=g\",\"contentUrl\":\"https:\/\/secure.gravatar.com\/avatar\/d7e4cf8004331a92e6e4b4d9b757577f495f629f81c5837a011c3b83930e69e2?s=96&d=mm&r=g\",\"caption\":\"ifap.org.br\"},\"sameAs\":[\"https:\/\/ifap.org.br\"],\"url\":\"https:\/\/ifap.org.br\/index.php\/author\/mediumturquoise-rabbit-412052-hostingersite-com\/\"}]}<\/script>\n<!-- \/ Yoast SEO plugin. -->","yoast_head_json":{"title":"Fortaleza sediar\u00e1 o Congresso Nacional dos 70 Anos da CRB Nacional, Celebrando Mem\u00f3ria, M\u00edstica, Profecia e Esperan\u00e7a - IFAP","robots":{"index":"index","follow":"follow","max-snippet":"max-snippet:-1","max-image-preview":"max-image-preview:large","max-video-preview":"max-video-preview:-1"},"canonical":"https:\/\/ifap.org.br\/index.php\/2024\/05\/24\/fortaleza-sediara-o-congresso-nacional-dos-70-anos-da-crb-nacional-celebrando-memoria-mistica-profecia-e-esperanca\/","og_locale":"pt_BR","og_type":"article","og_title":"Fortaleza sediar\u00e1 o Congresso Nacional dos 70 Anos da CRB Nacional, Celebrando Mem\u00f3ria, M\u00edstica, Profecia e Esperan\u00e7a - IFAP","og_description":"Fortaleza, a deslumbrante capital do Cear\u00e1, ser\u00e1 o cen\u00e1rio do Congresso Nacional dos 70 Anos da Confer\u00eancia dos Religiosos do Brasil (CRB Nacional), um evento singular que reunir\u00e1 mais de 800 participantes de diversas regi\u00f5es do Brasil. Agendado para acontecer de 30 de maio a 02 de junho de 2024, este congresso se destaca sob [&hellip;]","og_url":"https:\/\/ifap.org.br\/index.php\/2024\/05\/24\/fortaleza-sediara-o-congresso-nacional-dos-70-anos-da-crb-nacional-celebrando-memoria-mistica-profecia-e-esperanca\/","og_site_name":"IFAP","article_publisher":"https:\/\/www.facebook.com\/irmasifap","article_published_time":"2024-05-24T20:21:47+00:00","article_modified_time":"2024-05-24T20:21:48+00:00","og_image":[{"width":1280,"height":838,"url":"https:\/\/ifap.org.br\/wp-content\/uploads\/2024\/05\/Design-sem-nome-6.png","type":"image\/png"}],"author":"ifap.org.br","twitter_card":"summary_large_image","twitter_misc":{"Escrito por":"ifap.org.br","Est. tempo de leitura":"4 minutos"},"schema":{"@context":"https:\/\/schema.org","@graph":[{"@type":"Article","@id":"https:\/\/ifap.org.br\/index.php\/2024\/05\/24\/fortaleza-sediara-o-congresso-nacional-dos-70-anos-da-crb-nacional-celebrando-memoria-mistica-profecia-e-esperanca\/#article","isPartOf":{"@id":"https:\/\/ifap.org.br\/index.php\/2024\/05\/24\/fortaleza-sediara-o-congresso-nacional-dos-70-anos-da-crb-nacional-celebrando-memoria-mistica-profecia-e-esperanca\/"},"author":{"name":"ifap.org.br","@id":"https:\/\/ifap.org.br\/#\/schema\/person\/2cf526a4d4872e0640e6655ae1f2a7ce"},"headline":"Fortaleza sediar\u00e1 o Congresso Nacional dos 70 Anos da CRB Nacional, Celebrando Mem\u00f3ria, M\u00edstica, Profecia e Esperan\u00e7a","datePublished":"2024-05-24T20:21:47+00:00","dateModified":"2024-05-24T20:21:48+00:00","mainEntityOfPage":{"@id":"https:\/\/ifap.org.br\/index.php\/2024\/05\/24\/fortaleza-sediara-o-congresso-nacional-dos-70-anos-da-crb-nacional-celebrando-memoria-mistica-profecia-e-esperanca\/"},"wordCount":604,"commentCount":0,"publisher":{"@id":"https:\/\/ifap.org.br\/#organization"},"image":{"@id":"https:\/\/ifap.org.br\/index.php\/2024\/05\/24\/fortaleza-sediara-o-congresso-nacional-dos-70-anos-da-crb-nacional-celebrando-memoria-mistica-profecia-e-esperanca\/#primaryimage"},"thumbnailUrl":"https:\/\/ifap.org.br\/wp-content\/uploads\/2024\/05\/Design-sem-nome-6.png","articleSection":["Blog"],"inLanguage":"pt-BR","potentialAction":[{"@type":"CommentAction","name":"Comment","target":["https:\/\/ifap.org.br\/index.php\/2024\/05\/24\/fortaleza-sediara-o-congresso-nacional-dos-70-anos-da-crb-nacional-celebrando-memoria-mistica-profecia-e-esperanca\/#respond"]}]},{"@type":"WebPage","@id":"https:\/\/ifap.org.br\/index.php\/2024\/05\/24\/fortaleza-sediara-o-congresso-nacional-dos-70-anos-da-crb-nacional-celebrando-memoria-mistica-profecia-e-esperanca\/","url":"https:\/\/ifap.org.br\/index.php\/2024\/05\/24\/fortaleza-sediara-o-congresso-nacional-dos-70-anos-da-crb-nacional-celebrando-memoria-mistica-profecia-e-esperanca\/","name":"Fortaleza sediar\u00e1 o Congresso Nacional dos 70 Anos da CRB Nacional, Celebrando Mem\u00f3ria, M\u00edstica, Profecia e Esperan\u00e7a - IFAP","isPartOf":{"@id":"https:\/\/ifap.org.br\/#website"},"primaryImageOfPage":{"@id":"https:\/\/ifap.org.br\/index.php\/2024\/05\/24\/fortaleza-sediara-o-congresso-nacional-dos-70-anos-da-crb-nacional-celebrando-memoria-mistica-profecia-e-esperanca\/#primaryimage"},"image":{"@id":"https:\/\/ifap.org.br\/index.php\/2024\/05\/24\/fortaleza-sediara-o-congresso-nacional-dos-70-anos-da-crb-nacional-celebrando-memoria-mistica-profecia-e-esperanca\/#primaryimage"},"thumbnailUrl":"https:\/\/ifap.org.br\/wp-content\/uploads\/2024\/05\/Design-sem-nome-6.png","datePublished":"2024-05-24T20:21:47+00:00","dateModified":"2024-05-24T20:21:48+00:00","breadcrumb":{"@id":"https:\/\/ifap.org.br\/index.php\/2024\/05\/24\/fortaleza-sediara-o-congresso-nacional-dos-70-anos-da-crb-nacional-celebrando-memoria-mistica-profecia-e-esperanca\/#breadcrumb"},"inLanguage":"pt-BR","potentialAction":[{"@type":"ReadAction","target":["https:\/\/ifap.org.br\/index.php\/2024\/05\/24\/fortaleza-sediara-o-congresso-nacional-dos-70-anos-da-crb-nacional-celebrando-memoria-mistica-profecia-e-esperanca\/"]}]},{"@type":"ImageObject","inLanguage":"pt-BR","@id":"https:\/\/ifap.org.br\/index.php\/2024\/05\/24\/fortaleza-sediara-o-congresso-nacional-dos-70-anos-da-crb-nacional-celebrando-memoria-mistica-profecia-e-esperanca\/#primaryimage","url":"https:\/\/ifap.org.br\/wp-content\/uploads\/2024\/05\/Design-sem-nome-6.png","contentUrl":"https:\/\/ifap.org.br\/wp-content\/uploads\/2024\/05\/Design-sem-nome-6.png","width":1280,"height":838},{"@type":"BreadcrumbList","@id":"https:\/\/ifap.org.br\/index.php\/2024\/05\/24\/fortaleza-sediara-o-congresso-nacional-dos-70-anos-da-crb-nacional-celebrando-memoria-mistica-profecia-e-esperanca\/#breadcrumb","itemListElement":[{"@type":"ListItem","position":1,"name":"In\u00edcio","item":"https:\/\/ifap.org.br\/"},{"@type":"ListItem","position":2,"name":"Fortaleza sediar\u00e1 o Congresso Nacional dos 70 Anos da CRB Nacional, Celebrando Mem\u00f3ria, M\u00edstica, Profecia e Esperan\u00e7a"}]},{"@type":"WebSite","@id":"https:\/\/ifap.org.br\/#website","url":"https:\/\/ifap.org.br\/","name":"IFAP","description":"","publisher":{"@id":"https:\/\/ifap.org.br\/#organization"},"potentialAction":[{"@type":"SearchAction","target":{"@type":"EntryPoint","urlTemplate":"https:\/\/ifap.org.br\/?s={search_term_string}"},"query-input":{"@type":"PropertyValueSpecification","valueRequired":true,"valueName":"search_term_string"}}],"inLanguage":"pt-BR"},{"@type":"Organization","@id":"https:\/\/ifap.org.br\/#organization","name":"IFAP","url":"https:\/\/ifap.org.br\/","logo":{"@type":"ImageObject","inLanguage":"pt-BR","@id":"https:\/\/ifap.org.br\/#\/schema\/logo\/image\/","url":"https:\/\/ifap.org.br\/wp-content\/uploads\/2024\/03\/logo.png","contentUrl":"https:\/\/ifap.org.br\/wp-content\/uploads\/2024\/03\/logo.png","width":185,"height":80,"caption":"IFAP"},"image":{"@id":"https:\/\/ifap.org.br\/#\/schema\/logo\/image\/"},"sameAs":["https:\/\/www.facebook.com\/irmasifap"]},{"@type":"Person","@id":"https:\/\/ifap.org.br\/#\/schema\/person\/2cf526a4d4872e0640e6655ae1f2a7ce","name":"ifap.org.br","image":{"@type":"ImageObject","inLanguage":"pt-BR","@id":"https:\/\/ifap.org.br\/#\/schema\/person\/image\/","url":"https:\/\/secure.gravatar.com\/avatar\/d7e4cf8004331a92e6e4b4d9b757577f495f629f81c5837a011c3b83930e69e2?s=96&d=mm&r=g","contentUrl":"https:\/\/secure.gravatar.com\/avatar\/d7e4cf8004331a92e6e4b4d9b757577f495f629f81c5837a011c3b83930e69e2?s=96&d=mm&r=g","caption":"ifap.org.br"},"sameAs":["https:\/\/ifap.org.br"],"url":"https:\/\/ifap.org.br\/index.php\/author\/mediumturquoise-rabbit-412052-hostingersite-com\/"}]}},"_links":{"self":[{"href":"https:\/\/ifap.org.br\/index.php\/wp-json\/wp\/v2\/posts\/838","targetHints":{"allow":["GET"]}}],"collection":[{"href":"https:\/\/ifap.org.br\/index.php\/wp-json\/wp\/v2\/posts"}],"about":[{"href":"https:\/\/ifap.org.br\/index.php\/wp-json\/wp\/v2\/types\/post"}],"author":[{"embeddable":true,"href":"https:\/\/ifap.org.br\/index.php\/wp-json\/wp\/v2\/users\/1"}],"replies":[{"embeddable":true,"href":"https:\/\/ifap.org.br\/index.php\/wp-json\/wp\/v2\/comments?post=838"}],"version-history":[{"count":2,"href":"https:\/\/ifap.org.br\/index.php\/wp-json\/wp\/v2\/posts\/838\/revisions"}],"predecessor-version":[{"id":842,"href":"https:\/\/ifap.org.br\/index.php\/wp-json\/wp\/v2\/posts\/838\/revisions\/842"}],"wp:featuredmedia":[{"embeddable":true,"href":"https:\/\/ifap.org.br\/index.php\/wp-json\/wp\/v2\/media\/840"}],"wp:attachment":[{"href":"https:\/\/ifap.org.br\/index.php\/wp-json\/wp\/v2\/media?parent=838"}],"wp:term":[{"taxonomy":"category","embeddable":true,"href":"https:\/\/ifap.org.br\/index.php\/wp-json\/wp\/v2\/categories?post=838"},{"taxonomy":"post_tag","embeddable":true,"href":"https:\/\/ifap.org.br\/index.php\/wp-json\/wp\/v2\/tags?post=838"}],"curies":[{"name":"wp","href":"https:\/\/api.w.org\/{rel}","templated":true}]}}