{"id":843,"date":"2024-05-28T16:29:17","date_gmt":"2024-05-28T19:29:17","guid":{"rendered":"https:\/\/ifap.org.br\/?p=843"},"modified":"2024-05-28T17:31:22","modified_gmt":"2024-05-28T20:31:22","slug":"irma-jandira-presente-evento-marca-os-30-anos-de-memoria-testemunho-e-esperanca","status":"publish","type":"post","link":"https:\/\/ifap.org.br\/index.php\/2024\/05\/28\/irma-jandira-presente-evento-marca-os-30-anos-de-memoria-testemunho-e-esperanca\/","title":{"rendered":"Irm\u00e3 Jandira, Presente: evento marca os 30 anos de Mem\u00f3ria, Testemunho e Esperan\u00e7a"},"content":{"rendered":"\n<figure class=\"wp-block-image size-large\"><img fetchpriority=\"high\" decoding=\"async\" width=\"1024\" height=\"670\" src=\"https:\/\/ifap.org.br\/wp-content\/uploads\/2024\/05\/Design-sem-nome1-1024x670.png\" alt=\"\" class=\"wp-image-845\" srcset=\"https:\/\/ifap.org.br\/wp-content\/uploads\/2024\/05\/Design-sem-nome1-1024x670.png 1024w, https:\/\/ifap.org.br\/wp-content\/uploads\/2024\/05\/Design-sem-nome1-300x196.png 300w, https:\/\/ifap.org.br\/wp-content\/uploads\/2024\/05\/Design-sem-nome1-768x503.png 768w, https:\/\/ifap.org.br\/wp-content\/uploads\/2024\/05\/Design-sem-nome1.png 1280w\" sizes=\"(max-width: 1024px) 100vw, 1024px\" \/><\/figure>\n\n\n\n<p>Nesta segunda-feira, 27 de maio, uma live especial foi realizada para marcar os 30 anos de falecimento da irm\u00e3 Jandira Bettoni. O evento, transmitido pelo YouTube e Facebook das Irm\u00e3s Franciscanas do Apostolado Paroquial (IFAP), reuniu amigos, familiares e admiradores para celebrar a vida e legado da irm\u00e3 Jandira. Com testemunhos emocionantes e momentos de reflex\u00e3o, a cerim\u00f4nia destacou a import\u00e2ncia de seu trabalho e a inspira\u00e7\u00e3o que ela continua a proporcionar. A grava\u00e7\u00e3o da live est\u00e1 dispon\u00edvel para quem deseja rever ou assistir pela primeira vez. Assista <a href=\"https:\/\/www.youtube.com\/live\/itpUq_CZQLc?si=KRMJMTG-WiyHuXl2\" target=\"_blank\" rel=\"noreferrer noopener\">clicando aqui<\/a>.<\/p>\n\n\n\n<h2 class=\"wp-block-heading\">Uma vida entregue \u00e0 miss\u00e3o<\/h2>\n\n\n\n<p>Em Ibicar\u00e9, Santa Catarina, no dia 26 de mar\u00e7o de 1951, nasceu Jandira Bettoni, filha de agricultores que lhe ensinaram desde cedo a f\u00e9 em Jesus Cristo Libertador. Aos 13 anos, ingressou na Congrega\u00e7\u00e3o das Irm\u00e3s Franciscanas do Apostolado Paroquial (IFAP), onde se formou em Pedagogia e se especializou em estudos b\u00edblicos e movimentos sociais.<\/p>\n\n\n\n<p>Como francisclariana, Jandira dedicou-se \u00e0 alegria, solidariedade e \u00e9tica do cuidado, assumindo v\u00e1rios servi\u00e7os, inclusive a Coordena\u00e7\u00e3o Geral da Congrega\u00e7\u00e3o. Atuou tamb\u00e9m como Secret\u00e1ria Executiva da Confer\u00eancia dos Religiosos do Brasil em Santa Catarina (CRB\/SC).<\/p>\n\n\n\n<figure class=\"wp-block-image size-large\"><img decoding=\"async\" width=\"1024\" height=\"670\" src=\"https:\/\/ifap.org.br\/wp-content\/uploads\/2024\/05\/Design-sem-nome-7-1024x670.png\" alt=\"\" class=\"wp-image-847\" srcset=\"https:\/\/ifap.org.br\/wp-content\/uploads\/2024\/05\/Design-sem-nome-7-1024x670.png 1024w, https:\/\/ifap.org.br\/wp-content\/uploads\/2024\/05\/Design-sem-nome-7-300x196.png 300w, https:\/\/ifap.org.br\/wp-content\/uploads\/2024\/05\/Design-sem-nome-7-768x503.png 768w, https:\/\/ifap.org.br\/wp-content\/uploads\/2024\/05\/Design-sem-nome-7.png 1280w\" sizes=\"(max-width: 1024px) 100vw, 1024px\" \/><\/figure>\n\n\n\n<p>Sua miss\u00e3o abrangeu trabalhos com movimentos sociais e comunidades empobrecidas na regi\u00e3o serrana, sempre lutando pelos direitos humanos, do Movimento de Mulheres Camponesas, MST, MAB e CPT. Na Diocese de Lages, destacou-se na forma\u00e7\u00e3o b\u00edblica e nos Movimentos Populares.<\/p>\n\n\n\n<p>Educadora popular, Jandira acreditava no empoderamento das pessoas marginalizadas. Foi uma voz prof\u00e9tica contra estruturas opressoras e promovia a vis\u00e3o de um mundo justo. Em sua homenagem, a comunidade formada pelo Assentamento do MST \u00cdndio Galdino, em Curitibanos (SC), leva seu nome.<\/p>\n\n\n\n<p>Jandira faleceu tragicamente em um acidente automobil\u00edstico em 27 de junho de 1994, deixando um legado de coragem e esperan\u00e7a. Sua mem\u00f3ria continua a inspirar a luta por justi\u00e7a e dignidade.<\/p>\n\n\n\n<figure class=\"wp-block-image size-large\"><img decoding=\"async\" width=\"1024\" height=\"670\" src=\"https:\/\/ifap.org.br\/wp-content\/uploads\/2024\/05\/Design-sem-nome-8-1024x670.png\" alt=\"\" class=\"wp-image-846\" srcset=\"https:\/\/ifap.org.br\/wp-content\/uploads\/2024\/05\/Design-sem-nome-8-1024x670.png 1024w, https:\/\/ifap.org.br\/wp-content\/uploads\/2024\/05\/Design-sem-nome-8-300x196.png 300w, https:\/\/ifap.org.br\/wp-content\/uploads\/2024\/05\/Design-sem-nome-8-768x503.png 768w, https:\/\/ifap.org.br\/wp-content\/uploads\/2024\/05\/Design-sem-nome-8.png 1280w\" sizes=\"(max-width: 1024px) 100vw, 1024px\" \/><\/figure>\n\n\n\n<h2 class=\"wp-block-heading\">Pr\u00f3xima celebra\u00e7\u00e3o<\/h2>\n\n\n\n<p>No pr\u00f3ximo dia 30 de junho, acontece a grande celebra\u00e7\u00e3o que marcar\u00e1 os 30 anos de mem\u00f3ria da &#8216;irm\u00e3 Janda&#8217;, como era conhecida pelas amigas e amigos. O lugar escolhido foi a comunidade Irm\u00e3 Jandira Bettoni, no Assentamento \u00cdndio Galdino, no interior do munic\u00edpio de Curitibanos (SC).<\/p>\n","protected":false},"excerpt":{"rendered":"<p>Nesta segunda-feira, 27 de maio, uma live especial foi realizada para marcar os 30 anos de falecimento da irm\u00e3 Jandira Bettoni. O evento, transmitido pelo YouTube e Facebook das Irm\u00e3s Franciscanas do Apostolado Paroquial (IFAP), reuniu amigos, familiares e admiradores para celebrar a vida e legado da irm\u00e3 Jandira. Com testemunhos emocionantes e momentos de [&hellip;]<\/p>\n","protected":false},"author":1,"featured_media":845,"comment_status":"open","ping_status":"open","sticky":false,"template":"","format":"standard","meta":{"_monsterinsights_skip_tracking":false,"_monsterinsights_sitenote_active":false,"_monsterinsights_sitenote_note":"","_monsterinsights_sitenote_category":0,"footnotes":""},"categories":[1],"tags":[],"class_list":["post-843","post","type-post","status-publish","format-standard","has-post-thumbnail","hentry","category-blog"],"yoast_head":"<!-- This site is optimized with the Yoast SEO plugin v25.8 - https:\/\/yoast.com\/wordpress\/plugins\/seo\/ -->\n<title>Irm\u00e3 Jandira, Presente: evento marca os 30 anos de Mem\u00f3ria, Testemunho e Esperan\u00e7a - IFAP<\/title>\n<meta name=\"robots\" content=\"index, follow, max-snippet:-1, max-image-preview:large, max-video-preview:-1\" \/>\n<link rel=\"canonical\" href=\"https:\/\/ifap.org.br\/index.php\/2024\/05\/28\/irma-jandira-presente-evento-marca-os-30-anos-de-memoria-testemunho-e-esperanca\/\" \/>\n<meta property=\"og:locale\" content=\"pt_BR\" \/>\n<meta property=\"og:type\" content=\"article\" \/>\n<meta property=\"og:title\" content=\"Irm\u00e3 Jandira, Presente: evento marca os 30 anos de Mem\u00f3ria, Testemunho e Esperan\u00e7a - IFAP\" \/>\n<meta property=\"og:description\" content=\"Nesta segunda-feira, 27 de maio, uma live especial foi realizada para marcar os 30 anos de falecimento da irm\u00e3 Jandira Bettoni. O evento, transmitido pelo YouTube e Facebook das Irm\u00e3s Franciscanas do Apostolado Paroquial (IFAP), reuniu amigos, familiares e admiradores para celebrar a vida e legado da irm\u00e3 Jandira. Com testemunhos emocionantes e momentos de [&hellip;]\" \/>\n<meta property=\"og:url\" content=\"https:\/\/ifap.org.br\/index.php\/2024\/05\/28\/irma-jandira-presente-evento-marca-os-30-anos-de-memoria-testemunho-e-esperanca\/\" \/>\n<meta property=\"og:site_name\" content=\"IFAP\" \/>\n<meta property=\"article:publisher\" content=\"https:\/\/www.facebook.com\/irmasifap\" \/>\n<meta property=\"article:published_time\" content=\"2024-05-28T19:29:17+00:00\" \/>\n<meta property=\"article:modified_time\" content=\"2024-05-28T20:31:22+00:00\" \/>\n<meta property=\"og:image\" content=\"https:\/\/ifap.org.br\/wp-content\/uploads\/2024\/05\/Design-sem-nome1.png\" \/>\n\t<meta property=\"og:image:width\" content=\"1280\" \/>\n\t<meta property=\"og:image:height\" content=\"838\" \/>\n\t<meta property=\"og:image:type\" content=\"image\/png\" \/>\n<meta name=\"author\" content=\"ifap.org.br\" \/>\n<meta name=\"twitter:card\" content=\"summary_large_image\" \/>\n<meta name=\"twitter:label1\" content=\"Escrito por\" \/>\n\t<meta name=\"twitter:data1\" content=\"ifap.org.br\" \/>\n\t<meta name=\"twitter:label2\" content=\"Est. tempo de leitura\" \/>\n\t<meta name=\"twitter:data2\" content=\"3 minutos\" \/>\n<script type=\"application\/ld+json\" class=\"yoast-schema-graph\">{\"@context\":\"https:\/\/schema.org\",\"@graph\":[{\"@type\":\"Article\",\"@id\":\"https:\/\/ifap.org.br\/index.php\/2024\/05\/28\/irma-jandira-presente-evento-marca-os-30-anos-de-memoria-testemunho-e-esperanca\/#article\",\"isPartOf\":{\"@id\":\"https:\/\/ifap.org.br\/index.php\/2024\/05\/28\/irma-jandira-presente-evento-marca-os-30-anos-de-memoria-testemunho-e-esperanca\/\"},\"author\":{\"name\":\"ifap.org.br\",\"@id\":\"https:\/\/ifap.org.br\/#\/schema\/person\/2cf526a4d4872e0640e6655ae1f2a7ce\"},\"headline\":\"Irm\u00e3 Jandira, Presente: evento marca os 30 anos de Mem\u00f3ria, Testemunho e Esperan\u00e7a\",\"datePublished\":\"2024-05-28T19:29:17+00:00\",\"dateModified\":\"2024-05-28T20:31:22+00:00\",\"mainEntityOfPage\":{\"@id\":\"https:\/\/ifap.org.br\/index.php\/2024\/05\/28\/irma-jandira-presente-evento-marca-os-30-anos-de-memoria-testemunho-e-esperanca\/\"},\"wordCount\":385,\"commentCount\":0,\"publisher\":{\"@id\":\"https:\/\/ifap.org.br\/#organization\"},\"image\":{\"@id\":\"https:\/\/ifap.org.br\/index.php\/2024\/05\/28\/irma-jandira-presente-evento-marca-os-30-anos-de-memoria-testemunho-e-esperanca\/#primaryimage\"},\"thumbnailUrl\":\"https:\/\/ifap.org.br\/wp-content\/uploads\/2024\/05\/Design-sem-nome1.png\",\"articleSection\":[\"Blog\"],\"inLanguage\":\"pt-BR\",\"potentialAction\":[{\"@type\":\"CommentAction\",\"name\":\"Comment\",\"target\":[\"https:\/\/ifap.org.br\/index.php\/2024\/05\/28\/irma-jandira-presente-evento-marca-os-30-anos-de-memoria-testemunho-e-esperanca\/#respond\"]}]},{\"@type\":\"WebPage\",\"@id\":\"https:\/\/ifap.org.br\/index.php\/2024\/05\/28\/irma-jandira-presente-evento-marca-os-30-anos-de-memoria-testemunho-e-esperanca\/\",\"url\":\"https:\/\/ifap.org.br\/index.php\/2024\/05\/28\/irma-jandira-presente-evento-marca-os-30-anos-de-memoria-testemunho-e-esperanca\/\",\"name\":\"Irm\u00e3 Jandira, Presente: evento marca os 30 anos de Mem\u00f3ria, Testemunho e Esperan\u00e7a - IFAP\",\"isPartOf\":{\"@id\":\"https:\/\/ifap.org.br\/#website\"},\"primaryImageOfPage\":{\"@id\":\"https:\/\/ifap.org.br\/index.php\/2024\/05\/28\/irma-jandira-presente-evento-marca-os-30-anos-de-memoria-testemunho-e-esperanca\/#primaryimage\"},\"image\":{\"@id\":\"https:\/\/ifap.org.br\/index.php\/2024\/05\/28\/irma-jandira-presente-evento-marca-os-30-anos-de-memoria-testemunho-e-esperanca\/#primaryimage\"},\"thumbnailUrl\":\"https:\/\/ifap.org.br\/wp-content\/uploads\/2024\/05\/Design-sem-nome1.png\",\"datePublished\":\"2024-05-28T19:29:17+00:00\",\"dateModified\":\"2024-05-28T20:31:22+00:00\",\"breadcrumb\":{\"@id\":\"https:\/\/ifap.org.br\/index.php\/2024\/05\/28\/irma-jandira-presente-evento-marca-os-30-anos-de-memoria-testemunho-e-esperanca\/#breadcrumb\"},\"inLanguage\":\"pt-BR\",\"potentialAction\":[{\"@type\":\"ReadAction\",\"target\":[\"https:\/\/ifap.org.br\/index.php\/2024\/05\/28\/irma-jandira-presente-evento-marca-os-30-anos-de-memoria-testemunho-e-esperanca\/\"]}]},{\"@type\":\"ImageObject\",\"inLanguage\":\"pt-BR\",\"@id\":\"https:\/\/ifap.org.br\/index.php\/2024\/05\/28\/irma-jandira-presente-evento-marca-os-30-anos-de-memoria-testemunho-e-esperanca\/#primaryimage\",\"url\":\"https:\/\/ifap.org.br\/wp-content\/uploads\/2024\/05\/Design-sem-nome1.png\",\"contentUrl\":\"https:\/\/ifap.org.br\/wp-content\/uploads\/2024\/05\/Design-sem-nome1.png\",\"width\":1280,\"height\":838},{\"@type\":\"BreadcrumbList\",\"@id\":\"https:\/\/ifap.org.br\/index.php\/2024\/05\/28\/irma-jandira-presente-evento-marca-os-30-anos-de-memoria-testemunho-e-esperanca\/#breadcrumb\",\"itemListElement\":[{\"@type\":\"ListItem\",\"position\":1,\"name\":\"In\u00edcio\",\"item\":\"https:\/\/ifap.org.br\/\"},{\"@type\":\"ListItem\",\"position\":2,\"name\":\"Irm\u00e3 Jandira, Presente: evento marca os 30 anos de Mem\u00f3ria, Testemunho e Esperan\u00e7a\"}]},{\"@type\":\"WebSite\",\"@id\":\"https:\/\/ifap.org.br\/#website\",\"url\":\"https:\/\/ifap.org.br\/\",\"name\":\"IFAP\",\"description\":\"\",\"publisher\":{\"@id\":\"https:\/\/ifap.org.br\/#organization\"},\"potentialAction\":[{\"@type\":\"SearchAction\",\"target\":{\"@type\":\"EntryPoint\",\"urlTemplate\":\"https:\/\/ifap.org.br\/?s={search_term_string}\"},\"query-input\":{\"@type\":\"PropertyValueSpecification\",\"valueRequired\":true,\"valueName\":\"search_term_string\"}}],\"inLanguage\":\"pt-BR\"},{\"@type\":\"Organization\",\"@id\":\"https:\/\/ifap.org.br\/#organization\",\"name\":\"IFAP\",\"url\":\"https:\/\/ifap.org.br\/\",\"logo\":{\"@type\":\"ImageObject\",\"inLanguage\":\"pt-BR\",\"@id\":\"https:\/\/ifap.org.br\/#\/schema\/logo\/image\/\",\"url\":\"https:\/\/ifap.org.br\/wp-content\/uploads\/2024\/03\/logo.png\",\"contentUrl\":\"https:\/\/ifap.org.br\/wp-content\/uploads\/2024\/03\/logo.png\",\"width\":185,\"height\":80,\"caption\":\"IFAP\"},\"image\":{\"@id\":\"https:\/\/ifap.org.br\/#\/schema\/logo\/image\/\"},\"sameAs\":[\"https:\/\/www.facebook.com\/irmasifap\"]},{\"@type\":\"Person\",\"@id\":\"https:\/\/ifap.org.br\/#\/schema\/person\/2cf526a4d4872e0640e6655ae1f2a7ce\",\"name\":\"ifap.org.br\",\"image\":{\"@type\":\"ImageObject\",\"inLanguage\":\"pt-BR\",\"@id\":\"https:\/\/ifap.org.br\/#\/schema\/person\/image\/\",\"url\":\"https:\/\/secure.gravatar.com\/avatar\/d7e4cf8004331a92e6e4b4d9b757577f495f629f81c5837a011c3b83930e69e2?s=96&d=mm&r=g\",\"contentUrl\":\"https:\/\/secure.gravatar.com\/avatar\/d7e4cf8004331a92e6e4b4d9b757577f495f629f81c5837a011c3b83930e69e2?s=96&d=mm&r=g\",\"caption\":\"ifap.org.br\"},\"sameAs\":[\"https:\/\/ifap.org.br\"],\"url\":\"https:\/\/ifap.org.br\/index.php\/author\/mediumturquoise-rabbit-412052-hostingersite-com\/\"}]}<\/script>\n<!-- \/ Yoast SEO plugin. -->","yoast_head_json":{"title":"Irm\u00e3 Jandira, Presente: evento marca os 30 anos de Mem\u00f3ria, Testemunho e Esperan\u00e7a - IFAP","robots":{"index":"index","follow":"follow","max-snippet":"max-snippet:-1","max-image-preview":"max-image-preview:large","max-video-preview":"max-video-preview:-1"},"canonical":"https:\/\/ifap.org.br\/index.php\/2024\/05\/28\/irma-jandira-presente-evento-marca-os-30-anos-de-memoria-testemunho-e-esperanca\/","og_locale":"pt_BR","og_type":"article","og_title":"Irm\u00e3 Jandira, Presente: evento marca os 30 anos de Mem\u00f3ria, Testemunho e Esperan\u00e7a - IFAP","og_description":"Nesta segunda-feira, 27 de maio, uma live especial foi realizada para marcar os 30 anos de falecimento da irm\u00e3 Jandira Bettoni. O evento, transmitido pelo YouTube e Facebook das Irm\u00e3s Franciscanas do Apostolado Paroquial (IFAP), reuniu amigos, familiares e admiradores para celebrar a vida e legado da irm\u00e3 Jandira. Com testemunhos emocionantes e momentos de [&hellip;]","og_url":"https:\/\/ifap.org.br\/index.php\/2024\/05\/28\/irma-jandira-presente-evento-marca-os-30-anos-de-memoria-testemunho-e-esperanca\/","og_site_name":"IFAP","article_publisher":"https:\/\/www.facebook.com\/irmasifap","article_published_time":"2024-05-28T19:29:17+00:00","article_modified_time":"2024-05-28T20:31:22+00:00","og_image":[{"width":1280,"height":838,"url":"https:\/\/ifap.org.br\/wp-content\/uploads\/2024\/05\/Design-sem-nome1.png","type":"image\/png"}],"author":"ifap.org.br","twitter_card":"summary_large_image","twitter_misc":{"Escrito por":"ifap.org.br","Est. tempo de leitura":"3 minutos"},"schema":{"@context":"https:\/\/schema.org","@graph":[{"@type":"Article","@id":"https:\/\/ifap.org.br\/index.php\/2024\/05\/28\/irma-jandira-presente-evento-marca-os-30-anos-de-memoria-testemunho-e-esperanca\/#article","isPartOf":{"@id":"https:\/\/ifap.org.br\/index.php\/2024\/05\/28\/irma-jandira-presente-evento-marca-os-30-anos-de-memoria-testemunho-e-esperanca\/"},"author":{"name":"ifap.org.br","@id":"https:\/\/ifap.org.br\/#\/schema\/person\/2cf526a4d4872e0640e6655ae1f2a7ce"},"headline":"Irm\u00e3 Jandira, Presente: evento marca os 30 anos de Mem\u00f3ria, Testemunho e Esperan\u00e7a","datePublished":"2024-05-28T19:29:17+00:00","dateModified":"2024-05-28T20:31:22+00:00","mainEntityOfPage":{"@id":"https:\/\/ifap.org.br\/index.php\/2024\/05\/28\/irma-jandira-presente-evento-marca-os-30-anos-de-memoria-testemunho-e-esperanca\/"},"wordCount":385,"commentCount":0,"publisher":{"@id":"https:\/\/ifap.org.br\/#organization"},"image":{"@id":"https:\/\/ifap.org.br\/index.php\/2024\/05\/28\/irma-jandira-presente-evento-marca-os-30-anos-de-memoria-testemunho-e-esperanca\/#primaryimage"},"thumbnailUrl":"https:\/\/ifap.org.br\/wp-content\/uploads\/2024\/05\/Design-sem-nome1.png","articleSection":["Blog"],"inLanguage":"pt-BR","potentialAction":[{"@type":"CommentAction","name":"Comment","target":["https:\/\/ifap.org.br\/index.php\/2024\/05\/28\/irma-jandira-presente-evento-marca-os-30-anos-de-memoria-testemunho-e-esperanca\/#respond"]}]},{"@type":"WebPage","@id":"https:\/\/ifap.org.br\/index.php\/2024\/05\/28\/irma-jandira-presente-evento-marca-os-30-anos-de-memoria-testemunho-e-esperanca\/","url":"https:\/\/ifap.org.br\/index.php\/2024\/05\/28\/irma-jandira-presente-evento-marca-os-30-anos-de-memoria-testemunho-e-esperanca\/","name":"Irm\u00e3 Jandira, Presente: evento marca os 30 anos de Mem\u00f3ria, Testemunho e Esperan\u00e7a - IFAP","isPartOf":{"@id":"https:\/\/ifap.org.br\/#website"},"primaryImageOfPage":{"@id":"https:\/\/ifap.org.br\/index.php\/2024\/05\/28\/irma-jandira-presente-evento-marca-os-30-anos-de-memoria-testemunho-e-esperanca\/#primaryimage"},"image":{"@id":"https:\/\/ifap.org.br\/index.php\/2024\/05\/28\/irma-jandira-presente-evento-marca-os-30-anos-de-memoria-testemunho-e-esperanca\/#primaryimage"},"thumbnailUrl":"https:\/\/ifap.org.br\/wp-content\/uploads\/2024\/05\/Design-sem-nome1.png","datePublished":"2024-05-28T19:29:17+00:00","dateModified":"2024-05-28T20:31:22+00:00","breadcrumb":{"@id":"https:\/\/ifap.org.br\/index.php\/2024\/05\/28\/irma-jandira-presente-evento-marca-os-30-anos-de-memoria-testemunho-e-esperanca\/#breadcrumb"},"inLanguage":"pt-BR","potentialAction":[{"@type":"ReadAction","target":["https:\/\/ifap.org.br\/index.php\/2024\/05\/28\/irma-jandira-presente-evento-marca-os-30-anos-de-memoria-testemunho-e-esperanca\/"]}]},{"@type":"ImageObject","inLanguage":"pt-BR","@id":"https:\/\/ifap.org.br\/index.php\/2024\/05\/28\/irma-jandira-presente-evento-marca-os-30-anos-de-memoria-testemunho-e-esperanca\/#primaryimage","url":"https:\/\/ifap.org.br\/wp-content\/uploads\/2024\/05\/Design-sem-nome1.png","contentUrl":"https:\/\/ifap.org.br\/wp-content\/uploads\/2024\/05\/Design-sem-nome1.png","width":1280,"height":838},{"@type":"BreadcrumbList","@id":"https:\/\/ifap.org.br\/index.php\/2024\/05\/28\/irma-jandira-presente-evento-marca-os-30-anos-de-memoria-testemunho-e-esperanca\/#breadcrumb","itemListElement":[{"@type":"ListItem","position":1,"name":"In\u00edcio","item":"https:\/\/ifap.org.br\/"},{"@type":"ListItem","position":2,"name":"Irm\u00e3 Jandira, Presente: evento marca os 30 anos de Mem\u00f3ria, Testemunho e Esperan\u00e7a"}]},{"@type":"WebSite","@id":"https:\/\/ifap.org.br\/#website","url":"https:\/\/ifap.org.br\/","name":"IFAP","description":"","publisher":{"@id":"https:\/\/ifap.org.br\/#organization"},"potentialAction":[{"@type":"SearchAction","target":{"@type":"EntryPoint","urlTemplate":"https:\/\/ifap.org.br\/?s={search_term_string}"},"query-input":{"@type":"PropertyValueSpecification","valueRequired":true,"valueName":"search_term_string"}}],"inLanguage":"pt-BR"},{"@type":"Organization","@id":"https:\/\/ifap.org.br\/#organization","name":"IFAP","url":"https:\/\/ifap.org.br\/","logo":{"@type":"ImageObject","inLanguage":"pt-BR","@id":"https:\/\/ifap.org.br\/#\/schema\/logo\/image\/","url":"https:\/\/ifap.org.br\/wp-content\/uploads\/2024\/03\/logo.png","contentUrl":"https:\/\/ifap.org.br\/wp-content\/uploads\/2024\/03\/logo.png","width":185,"height":80,"caption":"IFAP"},"image":{"@id":"https:\/\/ifap.org.br\/#\/schema\/logo\/image\/"},"sameAs":["https:\/\/www.facebook.com\/irmasifap"]},{"@type":"Person","@id":"https:\/\/ifap.org.br\/#\/schema\/person\/2cf526a4d4872e0640e6655ae1f2a7ce","name":"ifap.org.br","image":{"@type":"ImageObject","inLanguage":"pt-BR","@id":"https:\/\/ifap.org.br\/#\/schema\/person\/image\/","url":"https:\/\/secure.gravatar.com\/avatar\/d7e4cf8004331a92e6e4b4d9b757577f495f629f81c5837a011c3b83930e69e2?s=96&d=mm&r=g","contentUrl":"https:\/\/secure.gravatar.com\/avatar\/d7e4cf8004331a92e6e4b4d9b757577f495f629f81c5837a011c3b83930e69e2?s=96&d=mm&r=g","caption":"ifap.org.br"},"sameAs":["https:\/\/ifap.org.br"],"url":"https:\/\/ifap.org.br\/index.php\/author\/mediumturquoise-rabbit-412052-hostingersite-com\/"}]}},"_links":{"self":[{"href":"https:\/\/ifap.org.br\/index.php\/wp-json\/wp\/v2\/posts\/843","targetHints":{"allow":["GET"]}}],"collection":[{"href":"https:\/\/ifap.org.br\/index.php\/wp-json\/wp\/v2\/posts"}],"about":[{"href":"https:\/\/ifap.org.br\/index.php\/wp-json\/wp\/v2\/types\/post"}],"author":[{"embeddable":true,"href":"https:\/\/ifap.org.br\/index.php\/wp-json\/wp\/v2\/users\/1"}],"replies":[{"embeddable":true,"href":"https:\/\/ifap.org.br\/index.php\/wp-json\/wp\/v2\/comments?post=843"}],"version-history":[{"count":7,"href":"https:\/\/ifap.org.br\/index.php\/wp-json\/wp\/v2\/posts\/843\/revisions"}],"predecessor-version":[{"id":861,"href":"https:\/\/ifap.org.br\/index.php\/wp-json\/wp\/v2\/posts\/843\/revisions\/861"}],"wp:featuredmedia":[{"embeddable":true,"href":"https:\/\/ifap.org.br\/index.php\/wp-json\/wp\/v2\/media\/845"}],"wp:attachment":[{"href":"https:\/\/ifap.org.br\/index.php\/wp-json\/wp\/v2\/media?parent=843"}],"wp:term":[{"taxonomy":"category","embeddable":true,"href":"https:\/\/ifap.org.br\/index.php\/wp-json\/wp\/v2\/categories?post=843"},{"taxonomy":"post_tag","embeddable":true,"href":"https:\/\/ifap.org.br\/index.php\/wp-json\/wp\/v2\/tags?post=843"}],"curies":[{"name":"wp","href":"https:\/\/api.w.org\/{rel}","templated":true}]}}