{"id":862,"date":"2024-05-31T16:19:24","date_gmt":"2024-05-31T19:19:24","guid":{"rendered":"https:\/\/ifap.org.br\/?p=862"},"modified":"2024-05-31T16:35:47","modified_gmt":"2024-05-31T19:35:47","slug":"70-anos-crb-nacional-congresso-reune-mais-de-800-religiosas-e-religiosos-em-fortaleza-ce","status":"publish","type":"post","link":"https:\/\/ifap.org.br\/index.php\/2024\/05\/31\/70-anos-crb-nacional-congresso-reune-mais-de-800-religiosas-e-religiosos-em-fortaleza-ce\/","title":{"rendered":"70 anos CRB Nacional: Congresso re\u00fane mais de 800 religiosas e religiosos em Fortaleza (CE)"},"content":{"rendered":"\n<figure class=\"wp-block-image size-large\"><img fetchpriority=\"high\" decoding=\"async\" width=\"1024\" height=\"670\" src=\"https:\/\/ifap.org.br\/wp-content\/uploads\/2024\/05\/Design-sem-nome-10-1024x670.png\" alt=\"\" class=\"wp-image-867\" srcset=\"https:\/\/ifap.org.br\/wp-content\/uploads\/2024\/05\/Design-sem-nome-10-1024x670.png 1024w, https:\/\/ifap.org.br\/wp-content\/uploads\/2024\/05\/Design-sem-nome-10-300x196.png 300w, https:\/\/ifap.org.br\/wp-content\/uploads\/2024\/05\/Design-sem-nome-10-768x503.png 768w, https:\/\/ifap.org.br\/wp-content\/uploads\/2024\/05\/Design-sem-nome-10.png 1280w\" sizes=\"(max-width: 1024px) 100vw, 1024px\" \/><\/figure>\n\n\n\n<p>A terra do sol acolheu os congressistas com as b\u00ean\u00e7\u00e3os da chuva. Centenas de religiosas e religiosos de tantos lugares se encontraram, nesta quinta-feira, 30 de maio, no Col\u00e9gio Santa Cec\u00edlia, em Fortaleza \u2013 CE, para o Congresso celebrativo dos 70 anos da CRB Nacional. Os participantes foram acolhidos com anima\u00e7\u00e3o, motivados pela mem\u00f3ria do caminho, atrav\u00e9s de um v\u00eddeo institucional e do hino oficial do Congresso, registro fotogr\u00e1fico que ajudam a recordar, trazendo de novo ao cora\u00e7\u00e3o, as marcas dos 70 anos de m\u00edstica, profecia e esperan\u00e7a, constru\u00edda pela participa\u00e7\u00e3o de cada irm\u00e3 e irm\u00e3o, na diversidade de carismas e espa\u00e7os de presen\u00e7a. Bonitas can\u00e7\u00f5es parabenizam a CRB na sua significativa miss\u00e3o de cuidado com a vida. Da regional do Maranh\u00e3o, o imperativo convite para juntos celebrar: \u201cNosso grito de alegria, vamos fazer ressoar\u201d.<\/p>\n\n\n\n<figure class=\"wp-block-image size-large\"><img decoding=\"async\" width=\"1024\" height=\"670\" src=\"https:\/\/ifap.org.br\/wp-content\/uploads\/2024\/05\/Design-sem-nome-11-1024x670.png\" alt=\"\" class=\"wp-image-866\" srcset=\"https:\/\/ifap.org.br\/wp-content\/uploads\/2024\/05\/Design-sem-nome-11-1024x670.png 1024w, https:\/\/ifap.org.br\/wp-content\/uploads\/2024\/05\/Design-sem-nome-11-300x196.png 300w, https:\/\/ifap.org.br\/wp-content\/uploads\/2024\/05\/Design-sem-nome-11-768x503.png 768w, https:\/\/ifap.org.br\/wp-content\/uploads\/2024\/05\/Design-sem-nome-11.png 1280w\" sizes=\"(max-width: 1024px) 100vw, 1024px\" \/><\/figure>\n\n\n\n<p>Nas palavras de abertura, Ir. Silv\u00e2nia Aparecida e Frei Cl\u00e9zio Menezes dos Santos, da diretoria da CRB, em comunh\u00e3o com todas as pessoas que ficaram nas comunidades e que fazem parte do nosso peregrinar mission\u00e1rio, recordaram os primeiros passos dos vision\u00e1rios que nos guiaram fundando, h\u00e1 70 anos, esta Confer\u00eancia com tanto amor e que, para a hist\u00f3ria, seu legado deixou. Conquistas e vit\u00f3rias, cada irm\u00e3 e irm\u00e3o, uma parte da hist\u00f3ria, que moldou nossa trajet\u00f3ria. Na ora\u00e7\u00e3o, na a\u00e7\u00e3o e contempla\u00e7\u00e3o, encontramos a m\u00edstica que nos fortalece e nos guia na miss\u00e3o. Na defesa da vida e da dignidade, no combate \u00e0 explora\u00e7\u00e3o e opress\u00e3o, manifestamos a voz de Deus que clama por transforma\u00e7\u00e3o. Em comunh\u00e3o com a CNBB, caminhamos na constru\u00e7\u00e3o de uma Igreja em sa\u00edda. Vida Religiosa Consagrada sinodal queremos ser. Que em nossa voz, a voz dos pobres seja ouvida.<\/p>\n\n\n\n<p>Pelo sil\u00eancio orante, nos colocamos em comunh\u00e3o com a dor que est\u00e1 no ar: o sofrimento do povo do Rio Grande do Sul. Com os olhos fixos no futuro e no Reino que h\u00e1 de vir, continuamos nossa miss\u00e3o com esperan\u00e7a, sabendo que em Deus iremos prosseguir. Ir. Eliane Cordeiro, presidenta da CRB, na alegria do encontro, agradeceu a presen\u00e7a de todos e todas e, confiando este acontecimento \u00e0 prote\u00e7\u00e3o de Nossa Senhora Aparecida, deu por aberto o Congresso dos 70 Anos de Vida Religiosa. Do Papa Francisco chegou uma mensagem linda assegurando sua proximidade e ora\u00e7\u00e3o, reconhecendo e agradecendo a colabora\u00e7\u00e3o da Vida Religiosa Consagrada na miss\u00e3o da Igreja, presente nas diferentes realidades. O Papa destacou a escolha do lema: \u201cPermanecei no meu amor\u201d, na certeza de que permanecendo firme na presen\u00e7a e amor do Senhor, veremos a beleza da vida, olhando o futuro com esperan\u00e7a.<\/p>\n\n\n\n<p>A <strong>Congrega\u00e7\u00e3o das Irm\u00e3s Franciscanas do Apostolado Paroquial &#8211; IFAP<\/strong> est\u00e3o presentes no Congresso, sendo representadas pelas irm\u00e3s Silvia Cristina Lopes de Oliveira e Noemi Klaus Varela.<\/p>\n\n\n\n<figure class=\"wp-block-image size-large\"><img decoding=\"async\" width=\"1024\" height=\"670\" src=\"https:\/\/ifap.org.br\/wp-content\/uploads\/2024\/05\/Design-sem-nome-13-1024x670.png\" alt=\"\" class=\"wp-image-864\" srcset=\"https:\/\/ifap.org.br\/wp-content\/uploads\/2024\/05\/Design-sem-nome-13-1024x670.png 1024w, https:\/\/ifap.org.br\/wp-content\/uploads\/2024\/05\/Design-sem-nome-13-300x196.png 300w, https:\/\/ifap.org.br\/wp-content\/uploads\/2024\/05\/Design-sem-nome-13-768x503.png 768w, https:\/\/ifap.org.br\/wp-content\/uploads\/2024\/05\/Design-sem-nome-13.png 1280w\" sizes=\"(max-width: 1024px) 100vw, 1024px\" \/><\/figure>\n\n\n\n<h2 class=\"wp-block-heading\"><strong>Celebra\u00e7\u00e3o Eucar\u00edstica da Abertura<\/strong><\/h2>\n\n\n\n<p>A Eucaristia, celebrando a festa de \u201cCorpus Christi\u201d, nos colocou em comunh\u00e3o com tantos corpos desumanizados, moradas do Ressuscitado. Pedimos a gra\u00e7a de crescer na busca de solidariedade e servi\u00e7o. As 20 regionais da CRB expressaram criativamente, atrav\u00e9s de um caminho de tapetes, o jeito particular da vida e do caminho de cada regional. A riqueza da simbologia aquece os cora\u00e7\u00f5es e faz crescer a gratid\u00e3o por tanta vida gestada e cuidada. Glorificado seja, bendito seja Jesus Redentor. De todos os cantos, viemos para louvar o Senhor.<\/p>\n\n\n\n<figure class=\"wp-block-image size-large\"><img loading=\"lazy\" decoding=\"async\" width=\"1024\" height=\"670\" src=\"https:\/\/ifap.org.br\/wp-content\/uploads\/2024\/05\/Design-sem-nome-12-1024x670.png\" alt=\"\" class=\"wp-image-865\" srcset=\"https:\/\/ifap.org.br\/wp-content\/uploads\/2024\/05\/Design-sem-nome-12-1024x670.png 1024w, https:\/\/ifap.org.br\/wp-content\/uploads\/2024\/05\/Design-sem-nome-12-300x196.png 300w, https:\/\/ifap.org.br\/wp-content\/uploads\/2024\/05\/Design-sem-nome-12-768x503.png 768w, https:\/\/ifap.org.br\/wp-content\/uploads\/2024\/05\/Design-sem-nome-12.png 1280w\" sizes=\"(max-width: 1024px) 100vw, 1024px\" \/><figcaption class=\"wp-element-caption\">Foto: CRB\/Divulga\u00e7\u00e3o<\/figcaption><\/figure>\n\n\n\n<p>Somos todos CRB. A CRB nasceu para ficar na hist\u00f3ria. A mem\u00f3ria dos presidentes e das presidentas que se empenharam para n\u00e3o deixar que a chama divina se apagasse na vida\/miss\u00e3o da Vida Religiosa Consagrada do Brasil, com os destaques no tempo e servi\u00e7o correspondentes, foi um momento de muita a\u00e7\u00e3o de gra\u00e7as. Todos, especialmente os presentes e as mulheres, foram muito aplaudidos.<\/p>\n\n\n\n<h2 class=\"wp-block-heading\">Homilia<\/h2>\n\n\n\n<p>Em sua homilia, o Arcebispo de Fortaleza, Dom Greg\u00f3rio Paix\u00e3o destacou a import\u00e2ncia da presen\u00e7a de religiosos e religiosas na evangeliza\u00e7\u00e3o do Brasil. N\u00e3o \u00e9 poss\u00edvel compreender o an\u00fancio e a presen\u00e7a da Boa Nova do Evangelho no Brasil sem a entrega da VRC nestas terras. Entrega que, em muitos casos, se realizou em mart\u00edrio. O que sustentou tanta entrega foi a profunda m\u00edstica, centrada no Corpo de Cristo, que religiosos e religiosas viveram. Fundamentada nessa mem\u00f3ria e m\u00edstica, os religiosos e religiosas de hoje s\u00e3o chamados a viver e despertar esperan\u00e7a na Igreja e na sociedade. Dentre as tantas religiosas e religiosos da longa hist\u00f3ria do Brasil, Dom Greg\u00f3rio lembrou a figura de Santa Dulce dos Pobres, que, com coragem, abnega\u00e7\u00e3o e profunda espiritualidade, mobilizou pessoas de todas as condi\u00e7\u00f5es sociais para levar esperan\u00e7a aos mais empobrecidos da sociedade.<\/p>\n\n\n\n<h2 class=\"wp-block-heading\">Painel da Mem\u00f3ria<\/h2>\n\n\n\n<p>Os ex-presidentes Irm\u00e3o Claudino Falchetto e Ir. Maria In\u00eas Vieira Ribeiro falaram da import\u00e2ncia da CRB nas suas experi\u00eancias de VRC como oportunidade de crescimento e para forma\u00e7\u00e3o e atualiza\u00e7\u00e3o de todos os religiosos e religiosas do Brasil desde o seu in\u00edcio. A CRB nasceu para fortalecer a unidade entre as Congrega\u00e7\u00f5es, Ordens e Institutos Religiosos. Ir. Daniela Canavina, secret\u00e1ria da CLAR, trouxe a sauda\u00e7\u00e3o da presid\u00eancia e do Conselho da Confer\u00eancia Latino Americana e Caribenha de Religiosos e Religiosas. Destacou o protagonismo e criatividade da Vida Religiosa Consagrada brasileira. O painel foi conclu\u00eddo com a fala da Ir. Eliane Cordeiro, que, a partir da figura de Maria Madalena, nos chama a ser sinais de esperan\u00e7a. Frei Luiz Carlos Susin deu continuidade \u00e0 Mem\u00f3ria dos 70 anos, ressaltando em sua confer\u00eancia as duas dimens\u00f5es do tempo \u2013 cronos e kair\u00f3s \u2013 que foram pano de fundo da origem e desenvolvimento da CRB como institui\u00e7\u00e3o articuladora e animadora da VRC no Brasil.<\/p>\n\n\n\n<h2 class=\"wp-block-heading\">Romaria em Canind\u00e9 (CE)<\/h2>\n\n\n\n<p>O segundo dia do Congresso, nesta sexta-feira (31), foi marcado pela Romaria de todas e todos os participantes para o Santu\u00e1rio de S\u00e3o Francisco de Chagas, em Canind\u00e9 (CE). Ali, os peregrinos se uniram \u00e0 comunidade do Santu\u00e1rio para a a\u00e7\u00e3o de gra\u00e7as pelos 70 anos da CRB Nacional.<\/p>\n\n\n\n<figure class=\"wp-block-image size-large\"><img loading=\"lazy\" decoding=\"async\" width=\"1024\" height=\"670\" src=\"https:\/\/ifap.org.br\/wp-content\/uploads\/2024\/05\/Design-sem-nome-14-1024x670.png\" alt=\"\" class=\"wp-image-863\" srcset=\"https:\/\/ifap.org.br\/wp-content\/uploads\/2024\/05\/Design-sem-nome-14-1024x670.png 1024w, https:\/\/ifap.org.br\/wp-content\/uploads\/2024\/05\/Design-sem-nome-14-300x196.png 300w, https:\/\/ifap.org.br\/wp-content\/uploads\/2024\/05\/Design-sem-nome-14-768x503.png 768w, https:\/\/ifap.org.br\/wp-content\/uploads\/2024\/05\/Design-sem-nome-14.png 1280w\" sizes=\"(max-width: 1024px) 100vw, 1024px\" \/><\/figure>\n\n\n\n<p><strong><em>Not\u00edcia com informa\u00e7\u00f5es do site da CRB e fotos da irm\u00e3 Silvia Cristina Lopes de Oliveira.<\/em><\/strong><\/p>\n","protected":false},"excerpt":{"rendered":"<p>A terra do sol acolheu os congressistas com as b\u00ean\u00e7\u00e3os da chuva. Centenas de religiosas e religiosos de tantos lugares se encontraram, nesta quinta-feira, 30 de maio, no Col\u00e9gio Santa Cec\u00edlia, em Fortaleza \u2013 CE, para o Congresso celebrativo dos 70 anos da CRB Nacional. Os participantes foram acolhidos com anima\u00e7\u00e3o, motivados pela mem\u00f3ria do [&hellip;]<\/p>\n","protected":false},"author":1,"featured_media":867,"comment_status":"open","ping_status":"open","sticky":false,"template":"","format":"standard","meta":{"_monsterinsights_skip_tracking":false,"_monsterinsights_sitenote_active":false,"_monsterinsights_sitenote_note":"","_monsterinsights_sitenote_category":0,"footnotes":""},"categories":[1],"tags":[],"class_list":["post-862","post","type-post","status-publish","format-standard","has-post-thumbnail","hentry","category-blog"],"yoast_head":"<!-- This site is optimized with the Yoast SEO plugin v25.8 - https:\/\/yoast.com\/wordpress\/plugins\/seo\/ -->\n<title>70 anos CRB Nacional: Congresso re\u00fane mais de 800 religiosas e religiosos em Fortaleza (CE) - IFAP<\/title>\n<meta name=\"robots\" content=\"index, follow, max-snippet:-1, max-image-preview:large, max-video-preview:-1\" \/>\n<link rel=\"canonical\" href=\"https:\/\/ifap.org.br\/index.php\/2024\/05\/31\/70-anos-crb-nacional-congresso-reune-mais-de-800-religiosas-e-religiosos-em-fortaleza-ce\/\" \/>\n<meta property=\"og:locale\" content=\"pt_BR\" \/>\n<meta property=\"og:type\" content=\"article\" \/>\n<meta property=\"og:title\" content=\"70 anos CRB Nacional: Congresso re\u00fane mais de 800 religiosas e religiosos em Fortaleza (CE) - IFAP\" \/>\n<meta property=\"og:description\" content=\"A terra do sol acolheu os congressistas com as b\u00ean\u00e7\u00e3os da chuva. Centenas de religiosas e religiosos de tantos lugares se encontraram, nesta quinta-feira, 30 de maio, no Col\u00e9gio Santa Cec\u00edlia, em Fortaleza \u2013 CE, para o Congresso celebrativo dos 70 anos da CRB Nacional. Os participantes foram acolhidos com anima\u00e7\u00e3o, motivados pela mem\u00f3ria do [&hellip;]\" \/>\n<meta property=\"og:url\" content=\"https:\/\/ifap.org.br\/index.php\/2024\/05\/31\/70-anos-crb-nacional-congresso-reune-mais-de-800-religiosas-e-religiosos-em-fortaleza-ce\/\" \/>\n<meta property=\"og:site_name\" content=\"IFAP\" \/>\n<meta property=\"article:publisher\" content=\"https:\/\/www.facebook.com\/irmasifap\" \/>\n<meta property=\"article:published_time\" content=\"2024-05-31T19:19:24+00:00\" \/>\n<meta property=\"article:modified_time\" content=\"2024-05-31T19:35:47+00:00\" \/>\n<meta property=\"og:image\" content=\"https:\/\/ifap.org.br\/wp-content\/uploads\/2024\/05\/Design-sem-nome-10.png\" \/>\n\t<meta property=\"og:image:width\" content=\"1280\" \/>\n\t<meta property=\"og:image:height\" content=\"838\" \/>\n\t<meta property=\"og:image:type\" content=\"image\/png\" \/>\n<meta name=\"author\" content=\"ifap.org.br\" \/>\n<meta name=\"twitter:card\" content=\"summary_large_image\" \/>\n<meta name=\"twitter:label1\" content=\"Escrito por\" \/>\n\t<meta name=\"twitter:data1\" content=\"ifap.org.br\" \/>\n\t<meta name=\"twitter:label2\" content=\"Est. tempo de leitura\" \/>\n\t<meta name=\"twitter:data2\" content=\"7 minutos\" \/>\n<script type=\"application\/ld+json\" class=\"yoast-schema-graph\">{\"@context\":\"https:\/\/schema.org\",\"@graph\":[{\"@type\":\"Article\",\"@id\":\"https:\/\/ifap.org.br\/index.php\/2024\/05\/31\/70-anos-crb-nacional-congresso-reune-mais-de-800-religiosas-e-religiosos-em-fortaleza-ce\/#article\",\"isPartOf\":{\"@id\":\"https:\/\/ifap.org.br\/index.php\/2024\/05\/31\/70-anos-crb-nacional-congresso-reune-mais-de-800-religiosas-e-religiosos-em-fortaleza-ce\/\"},\"author\":{\"name\":\"ifap.org.br\",\"@id\":\"https:\/\/ifap.org.br\/#\/schema\/person\/2cf526a4d4872e0640e6655ae1f2a7ce\"},\"headline\":\"70 anos CRB Nacional: Congresso re\u00fane mais de 800 religiosas e religiosos em Fortaleza (CE)\",\"datePublished\":\"2024-05-31T19:19:24+00:00\",\"dateModified\":\"2024-05-31T19:35:47+00:00\",\"mainEntityOfPage\":{\"@id\":\"https:\/\/ifap.org.br\/index.php\/2024\/05\/31\/70-anos-crb-nacional-congresso-reune-mais-de-800-religiosas-e-religiosos-em-fortaleza-ce\/\"},\"wordCount\":1102,\"commentCount\":0,\"publisher\":{\"@id\":\"https:\/\/ifap.org.br\/#organization\"},\"image\":{\"@id\":\"https:\/\/ifap.org.br\/index.php\/2024\/05\/31\/70-anos-crb-nacional-congresso-reune-mais-de-800-religiosas-e-religiosos-em-fortaleza-ce\/#primaryimage\"},\"thumbnailUrl\":\"https:\/\/ifap.org.br\/wp-content\/uploads\/2024\/05\/Design-sem-nome-10.png\",\"articleSection\":[\"Blog\"],\"inLanguage\":\"pt-BR\",\"potentialAction\":[{\"@type\":\"CommentAction\",\"name\":\"Comment\",\"target\":[\"https:\/\/ifap.org.br\/index.php\/2024\/05\/31\/70-anos-crb-nacional-congresso-reune-mais-de-800-religiosas-e-religiosos-em-fortaleza-ce\/#respond\"]}]},{\"@type\":\"WebPage\",\"@id\":\"https:\/\/ifap.org.br\/index.php\/2024\/05\/31\/70-anos-crb-nacional-congresso-reune-mais-de-800-religiosas-e-religiosos-em-fortaleza-ce\/\",\"url\":\"https:\/\/ifap.org.br\/index.php\/2024\/05\/31\/70-anos-crb-nacional-congresso-reune-mais-de-800-religiosas-e-religiosos-em-fortaleza-ce\/\",\"name\":\"70 anos CRB Nacional: Congresso re\u00fane mais de 800 religiosas e religiosos em Fortaleza (CE) - IFAP\",\"isPartOf\":{\"@id\":\"https:\/\/ifap.org.br\/#website\"},\"primaryImageOfPage\":{\"@id\":\"https:\/\/ifap.org.br\/index.php\/2024\/05\/31\/70-anos-crb-nacional-congresso-reune-mais-de-800-religiosas-e-religiosos-em-fortaleza-ce\/#primaryimage\"},\"image\":{\"@id\":\"https:\/\/ifap.org.br\/index.php\/2024\/05\/31\/70-anos-crb-nacional-congresso-reune-mais-de-800-religiosas-e-religiosos-em-fortaleza-ce\/#primaryimage\"},\"thumbnailUrl\":\"https:\/\/ifap.org.br\/wp-content\/uploads\/2024\/05\/Design-sem-nome-10.png\",\"datePublished\":\"2024-05-31T19:19:24+00:00\",\"dateModified\":\"2024-05-31T19:35:47+00:00\",\"breadcrumb\":{\"@id\":\"https:\/\/ifap.org.br\/index.php\/2024\/05\/31\/70-anos-crb-nacional-congresso-reune-mais-de-800-religiosas-e-religiosos-em-fortaleza-ce\/#breadcrumb\"},\"inLanguage\":\"pt-BR\",\"potentialAction\":[{\"@type\":\"ReadAction\",\"target\":[\"https:\/\/ifap.org.br\/index.php\/2024\/05\/31\/70-anos-crb-nacional-congresso-reune-mais-de-800-religiosas-e-religiosos-em-fortaleza-ce\/\"]}]},{\"@type\":\"ImageObject\",\"inLanguage\":\"pt-BR\",\"@id\":\"https:\/\/ifap.org.br\/index.php\/2024\/05\/31\/70-anos-crb-nacional-congresso-reune-mais-de-800-religiosas-e-religiosos-em-fortaleza-ce\/#primaryimage\",\"url\":\"https:\/\/ifap.org.br\/wp-content\/uploads\/2024\/05\/Design-sem-nome-10.png\",\"contentUrl\":\"https:\/\/ifap.org.br\/wp-content\/uploads\/2024\/05\/Design-sem-nome-10.png\",\"width\":1280,\"height\":838},{\"@type\":\"BreadcrumbList\",\"@id\":\"https:\/\/ifap.org.br\/index.php\/2024\/05\/31\/70-anos-crb-nacional-congresso-reune-mais-de-800-religiosas-e-religiosos-em-fortaleza-ce\/#breadcrumb\",\"itemListElement\":[{\"@type\":\"ListItem\",\"position\":1,\"name\":\"In\u00edcio\",\"item\":\"https:\/\/ifap.org.br\/\"},{\"@type\":\"ListItem\",\"position\":2,\"name\":\"70 anos CRB Nacional: Congresso re\u00fane mais de 800 religiosas e religiosos em Fortaleza (CE)\"}]},{\"@type\":\"WebSite\",\"@id\":\"https:\/\/ifap.org.br\/#website\",\"url\":\"https:\/\/ifap.org.br\/\",\"name\":\"IFAP\",\"description\":\"\",\"publisher\":{\"@id\":\"https:\/\/ifap.org.br\/#organization\"},\"potentialAction\":[{\"@type\":\"SearchAction\",\"target\":{\"@type\":\"EntryPoint\",\"urlTemplate\":\"https:\/\/ifap.org.br\/?s={search_term_string}\"},\"query-input\":{\"@type\":\"PropertyValueSpecification\",\"valueRequired\":true,\"valueName\":\"search_term_string\"}}],\"inLanguage\":\"pt-BR\"},{\"@type\":\"Organization\",\"@id\":\"https:\/\/ifap.org.br\/#organization\",\"name\":\"IFAP\",\"url\":\"https:\/\/ifap.org.br\/\",\"logo\":{\"@type\":\"ImageObject\",\"inLanguage\":\"pt-BR\",\"@id\":\"https:\/\/ifap.org.br\/#\/schema\/logo\/image\/\",\"url\":\"https:\/\/ifap.org.br\/wp-content\/uploads\/2024\/03\/logo.png\",\"contentUrl\":\"https:\/\/ifap.org.br\/wp-content\/uploads\/2024\/03\/logo.png\",\"width\":185,\"height\":80,\"caption\":\"IFAP\"},\"image\":{\"@id\":\"https:\/\/ifap.org.br\/#\/schema\/logo\/image\/\"},\"sameAs\":[\"https:\/\/www.facebook.com\/irmasifap\"]},{\"@type\":\"Person\",\"@id\":\"https:\/\/ifap.org.br\/#\/schema\/person\/2cf526a4d4872e0640e6655ae1f2a7ce\",\"name\":\"ifap.org.br\",\"image\":{\"@type\":\"ImageObject\",\"inLanguage\":\"pt-BR\",\"@id\":\"https:\/\/ifap.org.br\/#\/schema\/person\/image\/\",\"url\":\"https:\/\/secure.gravatar.com\/avatar\/d7e4cf8004331a92e6e4b4d9b757577f495f629f81c5837a011c3b83930e69e2?s=96&d=mm&r=g\",\"contentUrl\":\"https:\/\/secure.gravatar.com\/avatar\/d7e4cf8004331a92e6e4b4d9b757577f495f629f81c5837a011c3b83930e69e2?s=96&d=mm&r=g\",\"caption\":\"ifap.org.br\"},\"sameAs\":[\"https:\/\/ifap.org.br\"],\"url\":\"https:\/\/ifap.org.br\/index.php\/author\/mediumturquoise-rabbit-412052-hostingersite-com\/\"}]}<\/script>\n<!-- \/ Yoast SEO plugin. -->","yoast_head_json":{"title":"70 anos CRB Nacional: Congresso re\u00fane mais de 800 religiosas e religiosos em Fortaleza (CE) - IFAP","robots":{"index":"index","follow":"follow","max-snippet":"max-snippet:-1","max-image-preview":"max-image-preview:large","max-video-preview":"max-video-preview:-1"},"canonical":"https:\/\/ifap.org.br\/index.php\/2024\/05\/31\/70-anos-crb-nacional-congresso-reune-mais-de-800-religiosas-e-religiosos-em-fortaleza-ce\/","og_locale":"pt_BR","og_type":"article","og_title":"70 anos CRB Nacional: Congresso re\u00fane mais de 800 religiosas e religiosos em Fortaleza (CE) - IFAP","og_description":"A terra do sol acolheu os congressistas com as b\u00ean\u00e7\u00e3os da chuva. Centenas de religiosas e religiosos de tantos lugares se encontraram, nesta quinta-feira, 30 de maio, no Col\u00e9gio Santa Cec\u00edlia, em Fortaleza \u2013 CE, para o Congresso celebrativo dos 70 anos da CRB Nacional. Os participantes foram acolhidos com anima\u00e7\u00e3o, motivados pela mem\u00f3ria do [&hellip;]","og_url":"https:\/\/ifap.org.br\/index.php\/2024\/05\/31\/70-anos-crb-nacional-congresso-reune-mais-de-800-religiosas-e-religiosos-em-fortaleza-ce\/","og_site_name":"IFAP","article_publisher":"https:\/\/www.facebook.com\/irmasifap","article_published_time":"2024-05-31T19:19:24+00:00","article_modified_time":"2024-05-31T19:35:47+00:00","og_image":[{"width":1280,"height":838,"url":"https:\/\/ifap.org.br\/wp-content\/uploads\/2024\/05\/Design-sem-nome-10.png","type":"image\/png"}],"author":"ifap.org.br","twitter_card":"summary_large_image","twitter_misc":{"Escrito por":"ifap.org.br","Est. tempo de leitura":"7 minutos"},"schema":{"@context":"https:\/\/schema.org","@graph":[{"@type":"Article","@id":"https:\/\/ifap.org.br\/index.php\/2024\/05\/31\/70-anos-crb-nacional-congresso-reune-mais-de-800-religiosas-e-religiosos-em-fortaleza-ce\/#article","isPartOf":{"@id":"https:\/\/ifap.org.br\/index.php\/2024\/05\/31\/70-anos-crb-nacional-congresso-reune-mais-de-800-religiosas-e-religiosos-em-fortaleza-ce\/"},"author":{"name":"ifap.org.br","@id":"https:\/\/ifap.org.br\/#\/schema\/person\/2cf526a4d4872e0640e6655ae1f2a7ce"},"headline":"70 anos CRB Nacional: Congresso re\u00fane mais de 800 religiosas e religiosos em Fortaleza (CE)","datePublished":"2024-05-31T19:19:24+00:00","dateModified":"2024-05-31T19:35:47+00:00","mainEntityOfPage":{"@id":"https:\/\/ifap.org.br\/index.php\/2024\/05\/31\/70-anos-crb-nacional-congresso-reune-mais-de-800-religiosas-e-religiosos-em-fortaleza-ce\/"},"wordCount":1102,"commentCount":0,"publisher":{"@id":"https:\/\/ifap.org.br\/#organization"},"image":{"@id":"https:\/\/ifap.org.br\/index.php\/2024\/05\/31\/70-anos-crb-nacional-congresso-reune-mais-de-800-religiosas-e-religiosos-em-fortaleza-ce\/#primaryimage"},"thumbnailUrl":"https:\/\/ifap.org.br\/wp-content\/uploads\/2024\/05\/Design-sem-nome-10.png","articleSection":["Blog"],"inLanguage":"pt-BR","potentialAction":[{"@type":"CommentAction","name":"Comment","target":["https:\/\/ifap.org.br\/index.php\/2024\/05\/31\/70-anos-crb-nacional-congresso-reune-mais-de-800-religiosas-e-religiosos-em-fortaleza-ce\/#respond"]}]},{"@type":"WebPage","@id":"https:\/\/ifap.org.br\/index.php\/2024\/05\/31\/70-anos-crb-nacional-congresso-reune-mais-de-800-religiosas-e-religiosos-em-fortaleza-ce\/","url":"https:\/\/ifap.org.br\/index.php\/2024\/05\/31\/70-anos-crb-nacional-congresso-reune-mais-de-800-religiosas-e-religiosos-em-fortaleza-ce\/","name":"70 anos CRB Nacional: Congresso re\u00fane mais de 800 religiosas e religiosos em Fortaleza (CE) - IFAP","isPartOf":{"@id":"https:\/\/ifap.org.br\/#website"},"primaryImageOfPage":{"@id":"https:\/\/ifap.org.br\/index.php\/2024\/05\/31\/70-anos-crb-nacional-congresso-reune-mais-de-800-religiosas-e-religiosos-em-fortaleza-ce\/#primaryimage"},"image":{"@id":"https:\/\/ifap.org.br\/index.php\/2024\/05\/31\/70-anos-crb-nacional-congresso-reune-mais-de-800-religiosas-e-religiosos-em-fortaleza-ce\/#primaryimage"},"thumbnailUrl":"https:\/\/ifap.org.br\/wp-content\/uploads\/2024\/05\/Design-sem-nome-10.png","datePublished":"2024-05-31T19:19:24+00:00","dateModified":"2024-05-31T19:35:47+00:00","breadcrumb":{"@id":"https:\/\/ifap.org.br\/index.php\/2024\/05\/31\/70-anos-crb-nacional-congresso-reune-mais-de-800-religiosas-e-religiosos-em-fortaleza-ce\/#breadcrumb"},"inLanguage":"pt-BR","potentialAction":[{"@type":"ReadAction","target":["https:\/\/ifap.org.br\/index.php\/2024\/05\/31\/70-anos-crb-nacional-congresso-reune-mais-de-800-religiosas-e-religiosos-em-fortaleza-ce\/"]}]},{"@type":"ImageObject","inLanguage":"pt-BR","@id":"https:\/\/ifap.org.br\/index.php\/2024\/05\/31\/70-anos-crb-nacional-congresso-reune-mais-de-800-religiosas-e-religiosos-em-fortaleza-ce\/#primaryimage","url":"https:\/\/ifap.org.br\/wp-content\/uploads\/2024\/05\/Design-sem-nome-10.png","contentUrl":"https:\/\/ifap.org.br\/wp-content\/uploads\/2024\/05\/Design-sem-nome-10.png","width":1280,"height":838},{"@type":"BreadcrumbList","@id":"https:\/\/ifap.org.br\/index.php\/2024\/05\/31\/70-anos-crb-nacional-congresso-reune-mais-de-800-religiosas-e-religiosos-em-fortaleza-ce\/#breadcrumb","itemListElement":[{"@type":"ListItem","position":1,"name":"In\u00edcio","item":"https:\/\/ifap.org.br\/"},{"@type":"ListItem","position":2,"name":"70 anos CRB Nacional: Congresso re\u00fane mais de 800 religiosas e religiosos em Fortaleza (CE)"}]},{"@type":"WebSite","@id":"https:\/\/ifap.org.br\/#website","url":"https:\/\/ifap.org.br\/","name":"IFAP","description":"","publisher":{"@id":"https:\/\/ifap.org.br\/#organization"},"potentialAction":[{"@type":"SearchAction","target":{"@type":"EntryPoint","urlTemplate":"https:\/\/ifap.org.br\/?s={search_term_string}"},"query-input":{"@type":"PropertyValueSpecification","valueRequired":true,"valueName":"search_term_string"}}],"inLanguage":"pt-BR"},{"@type":"Organization","@id":"https:\/\/ifap.org.br\/#organization","name":"IFAP","url":"https:\/\/ifap.org.br\/","logo":{"@type":"ImageObject","inLanguage":"pt-BR","@id":"https:\/\/ifap.org.br\/#\/schema\/logo\/image\/","url":"https:\/\/ifap.org.br\/wp-content\/uploads\/2024\/03\/logo.png","contentUrl":"https:\/\/ifap.org.br\/wp-content\/uploads\/2024\/03\/logo.png","width":185,"height":80,"caption":"IFAP"},"image":{"@id":"https:\/\/ifap.org.br\/#\/schema\/logo\/image\/"},"sameAs":["https:\/\/www.facebook.com\/irmasifap"]},{"@type":"Person","@id":"https:\/\/ifap.org.br\/#\/schema\/person\/2cf526a4d4872e0640e6655ae1f2a7ce","name":"ifap.org.br","image":{"@type":"ImageObject","inLanguage":"pt-BR","@id":"https:\/\/ifap.org.br\/#\/schema\/person\/image\/","url":"https:\/\/secure.gravatar.com\/avatar\/d7e4cf8004331a92e6e4b4d9b757577f495f629f81c5837a011c3b83930e69e2?s=96&d=mm&r=g","contentUrl":"https:\/\/secure.gravatar.com\/avatar\/d7e4cf8004331a92e6e4b4d9b757577f495f629f81c5837a011c3b83930e69e2?s=96&d=mm&r=g","caption":"ifap.org.br"},"sameAs":["https:\/\/ifap.org.br"],"url":"https:\/\/ifap.org.br\/index.php\/author\/mediumturquoise-rabbit-412052-hostingersite-com\/"}]}},"_links":{"self":[{"href":"https:\/\/ifap.org.br\/index.php\/wp-json\/wp\/v2\/posts\/862","targetHints":{"allow":["GET"]}}],"collection":[{"href":"https:\/\/ifap.org.br\/index.php\/wp-json\/wp\/v2\/posts"}],"about":[{"href":"https:\/\/ifap.org.br\/index.php\/wp-json\/wp\/v2\/types\/post"}],"author":[{"embeddable":true,"href":"https:\/\/ifap.org.br\/index.php\/wp-json\/wp\/v2\/users\/1"}],"replies":[{"embeddable":true,"href":"https:\/\/ifap.org.br\/index.php\/wp-json\/wp\/v2\/comments?post=862"}],"version-history":[{"count":4,"href":"https:\/\/ifap.org.br\/index.php\/wp-json\/wp\/v2\/posts\/862\/revisions"}],"predecessor-version":[{"id":873,"href":"https:\/\/ifap.org.br\/index.php\/wp-json\/wp\/v2\/posts\/862\/revisions\/873"}],"wp:featuredmedia":[{"embeddable":true,"href":"https:\/\/ifap.org.br\/index.php\/wp-json\/wp\/v2\/media\/867"}],"wp:attachment":[{"href":"https:\/\/ifap.org.br\/index.php\/wp-json\/wp\/v2\/media?parent=862"}],"wp:term":[{"taxonomy":"category","embeddable":true,"href":"https:\/\/ifap.org.br\/index.php\/wp-json\/wp\/v2\/categories?post=862"},{"taxonomy":"post_tag","embeddable":true,"href":"https:\/\/ifap.org.br\/index.php\/wp-json\/wp\/v2\/tags?post=862"}],"curies":[{"name":"wp","href":"https:\/\/api.w.org\/{rel}","templated":true}]}}