{"id":874,"date":"2024-06-04T18:51:57","date_gmt":"2024-06-04T21:51:57","guid":{"rendered":"https:\/\/ifap.org.br\/?p=874"},"modified":"2024-06-04T18:52:40","modified_gmt":"2024-06-04T21:52:40","slug":"ifap-marca-presenca-na-celebracao-dos-70-anos-da-conferencia-dos-religiosos-do-brasil-crb","status":"publish","type":"post","link":"https:\/\/ifap.org.br\/index.php\/2024\/06\/04\/ifap-marca-presenca-na-celebracao-dos-70-anos-da-conferencia-dos-religiosos-do-brasil-crb\/","title":{"rendered":"IFAP marca presen\u00e7a na celebra\u00e7\u00e3o dos 70 Anos da Confer\u00eancia dos Religiosos do Brasil (CRB)"},"content":{"rendered":"\n<figure class=\"wp-block-image size-large\"><img fetchpriority=\"high\" decoding=\"async\" width=\"1024\" height=\"670\" src=\"https:\/\/ifap.org.br\/wp-content\/uploads\/2024\/06\/Design-sem-nome-16-1024x670.png\" alt=\"\" class=\"wp-image-878\" srcset=\"https:\/\/ifap.org.br\/wp-content\/uploads\/2024\/06\/Design-sem-nome-16-1024x670.png 1024w, https:\/\/ifap.org.br\/wp-content\/uploads\/2024\/06\/Design-sem-nome-16-300x196.png 300w, https:\/\/ifap.org.br\/wp-content\/uploads\/2024\/06\/Design-sem-nome-16-768x503.png 768w, https:\/\/ifap.org.br\/wp-content\/uploads\/2024\/06\/Design-sem-nome-16.png 1280w\" sizes=\"(max-width: 1024px) 100vw, 1024px\" \/><\/figure>\n\n\n\n<p>A Confer\u00eancia dos Religiosos do Brasil (CRB) celebrou seus 70 anos com um congresso em Fortaleza (CE), entre os dias 30 de maio e 2 de junho. O evento reuniu cerca de 800 religiosas e religiosos de todo o pa\u00eds, focando na tem\u00e1tica \u201cMem\u00f3ria, M\u00edstica, Profecia e Esperan\u00e7a\u201d.<\/p>\n\n\n\n<p>O congresso teve in\u00edcio com uma Celebra\u00e7\u00e3o Eucar\u00edstica, presidida pelo arcebispo de Fortaleza e presidente da Comiss\u00e3o Episcopal para a Cultura e Educa\u00e7\u00e3o da CNBB, dom Greg\u00f3rio Paix\u00e3o, e concelebrada por 21 sacerdotes de diversos estados. A cerim\u00f4nia tamb\u00e9m incluiu uma mensagem especial do Papa Francisco aos religiosos do Brasil.<\/p>\n\n\n\n<p>Durante a cerim\u00f4nia de abertura, foram apresentados tapetes confeccionados pelas 20 regionais da CRB Nacional, narrando a hist\u00f3ria da confer\u00eancia e retratando a diversidade da institui\u00e7\u00e3o. O primeiro dia do congresso tamb\u00e9m contou com a exibi\u00e7\u00e3o de um document\u00e1rio com a participa\u00e7\u00e3o de ex-presidentes da CRB, al\u00e9m de m\u00fasicas, fotos e v\u00eddeos que destacaram as sete d\u00e9cadas de \u201cm\u00edstica, profecia e esperan\u00e7a\u201d.<\/p>\n\n\n\n<figure class=\"wp-block-image size-large\"><img decoding=\"async\" width=\"1024\" height=\"670\" src=\"https:\/\/ifap.org.br\/wp-content\/uploads\/2024\/05\/Design-sem-nome-12-1024x670.png\" alt=\"\" class=\"wp-image-865\" srcset=\"https:\/\/ifap.org.br\/wp-content\/uploads\/2024\/05\/Design-sem-nome-12-1024x670.png 1024w, https:\/\/ifap.org.br\/wp-content\/uploads\/2024\/05\/Design-sem-nome-12-300x196.png 300w, https:\/\/ifap.org.br\/wp-content\/uploads\/2024\/05\/Design-sem-nome-12-768x503.png 768w, https:\/\/ifap.org.br\/wp-content\/uploads\/2024\/05\/Design-sem-nome-12.png 1280w\" sizes=\"(max-width: 1024px) 100vw, 1024px\" \/><\/figure>\n\n\n\n<p>No segundo dia, os participantes fizeram uma peregrina\u00e7\u00e3o ao Santu\u00e1rio S\u00e3o Francisco das Chagas de Canind\u00e9, fortalecendo a espiritualidade e a uni\u00e3o do grupo.<\/p>\n\n\n\n<figure class=\"wp-block-image size-large\"><img decoding=\"async\" width=\"1024\" height=\"670\" src=\"https:\/\/ifap.org.br\/wp-content\/uploads\/2024\/06\/Design-sem-nome-17-1024x670.png\" alt=\"\" class=\"wp-image-877\" srcset=\"https:\/\/ifap.org.br\/wp-content\/uploads\/2024\/06\/Design-sem-nome-17-1024x670.png 1024w, https:\/\/ifap.org.br\/wp-content\/uploads\/2024\/06\/Design-sem-nome-17-300x196.png 300w, https:\/\/ifap.org.br\/wp-content\/uploads\/2024\/06\/Design-sem-nome-17-768x503.png 768w, https:\/\/ifap.org.br\/wp-content\/uploads\/2024\/06\/Design-sem-nome-17.png 1280w\" sizes=\"(max-width: 1024px) 100vw, 1024px\" \/><\/figure>\n\n\n\n<p>O terceiro dia foi marcado por um momento celebrativo dedicado \u00e0 profecia, homenageando aqueles que doaram suas vidas pela causa do Evangelho, como irm\u00e3 Dorothy, irm\u00e3 Genoveva, dom Pedro Casald\u00e1liga, dom Tom\u00e1s Baldu\u00edno, padre Ezequiel Ramin, Chico Mendes, padre Josimo Morales e dom Oscar Romero.<\/p>\n\n\n\n<figure class=\"wp-block-image size-large\"><img loading=\"lazy\" decoding=\"async\" width=\"1024\" height=\"670\" src=\"https:\/\/ifap.org.br\/wp-content\/uploads\/2024\/06\/Design-sem-nome-19-1024x670.png\" alt=\"\" class=\"wp-image-875\" srcset=\"https:\/\/ifap.org.br\/wp-content\/uploads\/2024\/06\/Design-sem-nome-19-1024x670.png 1024w, https:\/\/ifap.org.br\/wp-content\/uploads\/2024\/06\/Design-sem-nome-19-300x196.png 300w, https:\/\/ifap.org.br\/wp-content\/uploads\/2024\/06\/Design-sem-nome-19-768x503.png 768w, https:\/\/ifap.org.br\/wp-content\/uploads\/2024\/06\/Design-sem-nome-19.png 1280w\" sizes=\"(max-width: 1024px) 100vw, 1024px\" \/><\/figure>\n\n\n\n<p>Durante a homilia, o bispo auxiliar de S\u00e3o Paulo e presidente da Comiss\u00e3o Episcopal para os Minist\u00e9rios Ordenados e a Vida Consagrada da CNBB, dom \u00c2ngelo Mezzari, destacou que a autoridade da Vida Religiosa est\u00e1 na fidelidade ao projeto de Jesus. \u201c\u00c9 em nome de Jesus Cristo que vivemos, planejamos, sofremos e damos a vida. Esse \u00e9 o fundamento da nossa autoridade\u201d, afirmou.<\/p>\n\n\n\n<p>O terceiro dia tamb\u00e9m ofereceu aos participantes a oportunidade de interagir em quinze oficinas tem\u00e1ticas, al\u00e9m de uma coletiva de imprensa com a presidente da CRB, irm\u00e3 Eliane Cordeiro; dom \u00c2ngelo Mezzari; e a secret\u00e1ria executiva da Confedera\u00e7\u00e3o Latino-Americana de Religiosos e Religiosas (CLAR), irm\u00e3 Daniela Cannavina. O dia encerrou-se com uma celebra\u00e7\u00e3o festiva e cultural.<\/p>\n\n\n\n<h2 class=\"wp-block-heading\">IFAP no Congresso<\/h2>\n\n\n\n<p>Irm\u00e3 Silvia Cristina de Oliveira Lopes, da Irmandade Nossa Senhora do Ros\u00e1rio, em Lages (SC) e coordenadora geral da Congrega\u00e7\u00e3o das Irm\u00e3s Franciscanas do Apostolado Paroquial &#8211; IFAP, expressou gratid\u00e3o pela participa\u00e7\u00e3o no evento dizendo que &#8220;fazer parte desta hist\u00f3ria dos 70 anos da CRB, para n\u00f3s IFAP \u00e9 um privil\u00e9gio. Somos agradecidas por esta oportunidade de celebrarmos juntas com tantos carismas, com tantos e diferentes dons, presentes que a Vida Religiosa Consagrada carrega como um tesouro. Estes dias de encontros, mem\u00f3rias, partilhas e reencantamento da nossa voca\u00e7\u00e3o, como consagradas sa\u00edmos daqui mais fortalecidas e felizes por saber que n\u00e3o estamos s\u00f3s. Que a voz prof\u00e9tica da Vida Religiosa e Consagrada est\u00e1 viva, nas m\u00e3os, nos gestos, nas palavras de tantas mulheres e homens que doam suas vidas, por tantas causas&#8221;, disse a irm\u00e3.<\/p>\n\n\n\n<figure class=\"wp-block-image size-large\"><img loading=\"lazy\" decoding=\"async\" width=\"1024\" height=\"670\" src=\"https:\/\/ifap.org.br\/wp-content\/uploads\/2024\/05\/Design-sem-nome-13-1024x670.png\" alt=\"\" class=\"wp-image-864\" srcset=\"https:\/\/ifap.org.br\/wp-content\/uploads\/2024\/05\/Design-sem-nome-13-1024x670.png 1024w, https:\/\/ifap.org.br\/wp-content\/uploads\/2024\/05\/Design-sem-nome-13-300x196.png 300w, https:\/\/ifap.org.br\/wp-content\/uploads\/2024\/05\/Design-sem-nome-13-768x503.png 768w, https:\/\/ifap.org.br\/wp-content\/uploads\/2024\/05\/Design-sem-nome-13.png 1280w\" sizes=\"(max-width: 1024px) 100vw, 1024px\" \/><\/figure>\n\n\n\n<p>Quem tamb\u00e9m esteve presente no congresso foi a irm\u00e3 Noemi Klaus Varela, da Irmanda Mission\u00e1ria do Esp\u00edrito Santo, de Humait\u00e1 (AM), tamb\u00e9m compartilhou sua experi\u00eancia: &#8220;Para mim, foi uma forma de revigoramento na minha voca\u00e7\u00e3o e miss\u00e3o ao ver a quantidade de religiosas e religiosos participando ativamente. Isso nos anima e motiva para continuarmos nossas a\u00e7\u00f5es, sabendo que juntos somos mais fortes&#8221;, concluiu irm\u00e3 Noemi.<\/p>\n\n\n\n<figure class=\"wp-block-image size-large\"><img loading=\"lazy\" decoding=\"async\" width=\"1024\" height=\"670\" src=\"https:\/\/ifap.org.br\/wp-content\/uploads\/2024\/06\/Design-sem-nome-18-1024x670.png\" alt=\"\" class=\"wp-image-876\" srcset=\"https:\/\/ifap.org.br\/wp-content\/uploads\/2024\/06\/Design-sem-nome-18-1024x670.png 1024w, https:\/\/ifap.org.br\/wp-content\/uploads\/2024\/06\/Design-sem-nome-18-300x196.png 300w, https:\/\/ifap.org.br\/wp-content\/uploads\/2024\/06\/Design-sem-nome-18-768x503.png 768w, https:\/\/ifap.org.br\/wp-content\/uploads\/2024\/06\/Design-sem-nome-18.png 1280w\" sizes=\"(max-width: 1024px) 100vw, 1024px\" \/><\/figure>\n\n\n\n<p>A celebra\u00e7\u00e3o dos 70 anos da CRB foi um momento de uni\u00e3o, reflex\u00e3o e fortalecimento da Vida Religiosa Consagrada no Brasil, refor\u00e7ando a import\u00e2ncia da mem\u00f3ria, m\u00edstica, profecia e esperan\u00e7a na caminhada da Igreja.<\/p>\n\n\n\n<pre class=\"wp-block-preformatted\">Com informa\u00e7\u00f5es da CRB  e fotos da CRB e irm\u00e3 Silvia Cristina Lopes de Oliveira.<\/pre>\n","protected":false},"excerpt":{"rendered":"<p>A Confer\u00eancia dos Religiosos do Brasil (CRB) celebrou seus 70 anos com um congresso em Fortaleza (CE), entre os dias 30 de maio e 2 de junho. O evento reuniu cerca de 800 religiosas e religiosos de todo o pa\u00eds, focando na tem\u00e1tica \u201cMem\u00f3ria, M\u00edstica, Profecia e Esperan\u00e7a\u201d. O congresso teve in\u00edcio com uma Celebra\u00e7\u00e3o [&hellip;]<\/p>\n","protected":false},"author":1,"featured_media":877,"comment_status":"open","ping_status":"open","sticky":false,"template":"","format":"standard","meta":{"_monsterinsights_skip_tracking":false,"_monsterinsights_sitenote_active":false,"_monsterinsights_sitenote_note":"","_monsterinsights_sitenote_category":0,"footnotes":""},"categories":[1],"tags":[],"class_list":["post-874","post","type-post","status-publish","format-standard","has-post-thumbnail","hentry","category-blog"],"yoast_head":"<!-- This site is optimized with the Yoast SEO plugin v25.8 - https:\/\/yoast.com\/wordpress\/plugins\/seo\/ -->\n<title>IFAP marca presen\u00e7a na celebra\u00e7\u00e3o dos 70 Anos da Confer\u00eancia dos Religiosos do Brasil (CRB) - IFAP<\/title>\n<meta name=\"robots\" content=\"index, follow, max-snippet:-1, max-image-preview:large, max-video-preview:-1\" \/>\n<link rel=\"canonical\" href=\"https:\/\/ifap.org.br\/index.php\/2024\/06\/04\/ifap-marca-presenca-na-celebracao-dos-70-anos-da-conferencia-dos-religiosos-do-brasil-crb\/\" \/>\n<meta property=\"og:locale\" content=\"pt_BR\" \/>\n<meta property=\"og:type\" content=\"article\" \/>\n<meta property=\"og:title\" content=\"IFAP marca presen\u00e7a na celebra\u00e7\u00e3o dos 70 Anos da Confer\u00eancia dos Religiosos do Brasil (CRB) - IFAP\" \/>\n<meta property=\"og:description\" content=\"A Confer\u00eancia dos Religiosos do Brasil (CRB) celebrou seus 70 anos com um congresso em Fortaleza (CE), entre os dias 30 de maio e 2 de junho. O evento reuniu cerca de 800 religiosas e religiosos de todo o pa\u00eds, focando na tem\u00e1tica \u201cMem\u00f3ria, M\u00edstica, Profecia e Esperan\u00e7a\u201d. O congresso teve in\u00edcio com uma Celebra\u00e7\u00e3o [&hellip;]\" \/>\n<meta property=\"og:url\" content=\"https:\/\/ifap.org.br\/index.php\/2024\/06\/04\/ifap-marca-presenca-na-celebracao-dos-70-anos-da-conferencia-dos-religiosos-do-brasil-crb\/\" \/>\n<meta property=\"og:site_name\" content=\"IFAP\" \/>\n<meta property=\"article:publisher\" content=\"https:\/\/www.facebook.com\/irmasifap\" \/>\n<meta property=\"article:published_time\" content=\"2024-06-04T21:51:57+00:00\" \/>\n<meta property=\"article:modified_time\" content=\"2024-06-04T21:52:40+00:00\" \/>\n<meta property=\"og:image\" content=\"https:\/\/ifap.org.br\/wp-content\/uploads\/2024\/06\/Design-sem-nome-17.png\" \/>\n\t<meta property=\"og:image:width\" content=\"1280\" \/>\n\t<meta property=\"og:image:height\" content=\"838\" \/>\n\t<meta property=\"og:image:type\" content=\"image\/png\" \/>\n<meta name=\"author\" content=\"ifap.org.br\" \/>\n<meta name=\"twitter:card\" content=\"summary_large_image\" \/>\n<meta name=\"twitter:label1\" content=\"Escrito por\" \/>\n\t<meta name=\"twitter:data1\" content=\"ifap.org.br\" \/>\n\t<meta name=\"twitter:label2\" content=\"Est. tempo de leitura\" \/>\n\t<meta name=\"twitter:data2\" content=\"5 minutos\" \/>\n<script type=\"application\/ld+json\" class=\"yoast-schema-graph\">{\"@context\":\"https:\/\/schema.org\",\"@graph\":[{\"@type\":\"Article\",\"@id\":\"https:\/\/ifap.org.br\/index.php\/2024\/06\/04\/ifap-marca-presenca-na-celebracao-dos-70-anos-da-conferencia-dos-religiosos-do-brasil-crb\/#article\",\"isPartOf\":{\"@id\":\"https:\/\/ifap.org.br\/index.php\/2024\/06\/04\/ifap-marca-presenca-na-celebracao-dos-70-anos-da-conferencia-dos-religiosos-do-brasil-crb\/\"},\"author\":{\"name\":\"ifap.org.br\",\"@id\":\"https:\/\/ifap.org.br\/#\/schema\/person\/2cf526a4d4872e0640e6655ae1f2a7ce\"},\"headline\":\"IFAP marca presen\u00e7a na celebra\u00e7\u00e3o dos 70 Anos da Confer\u00eancia dos Religiosos do Brasil (CRB)\",\"datePublished\":\"2024-06-04T21:51:57+00:00\",\"dateModified\":\"2024-06-04T21:52:40+00:00\",\"mainEntityOfPage\":{\"@id\":\"https:\/\/ifap.org.br\/index.php\/2024\/06\/04\/ifap-marca-presenca-na-celebracao-dos-70-anos-da-conferencia-dos-religiosos-do-brasil-crb\/\"},\"wordCount\":665,\"commentCount\":0,\"publisher\":{\"@id\":\"https:\/\/ifap.org.br\/#organization\"},\"image\":{\"@id\":\"https:\/\/ifap.org.br\/index.php\/2024\/06\/04\/ifap-marca-presenca-na-celebracao-dos-70-anos-da-conferencia-dos-religiosos-do-brasil-crb\/#primaryimage\"},\"thumbnailUrl\":\"https:\/\/ifap.org.br\/wp-content\/uploads\/2024\/06\/Design-sem-nome-17.png\",\"articleSection\":[\"Blog\"],\"inLanguage\":\"pt-BR\",\"potentialAction\":[{\"@type\":\"CommentAction\",\"name\":\"Comment\",\"target\":[\"https:\/\/ifap.org.br\/index.php\/2024\/06\/04\/ifap-marca-presenca-na-celebracao-dos-70-anos-da-conferencia-dos-religiosos-do-brasil-crb\/#respond\"]}]},{\"@type\":\"WebPage\",\"@id\":\"https:\/\/ifap.org.br\/index.php\/2024\/06\/04\/ifap-marca-presenca-na-celebracao-dos-70-anos-da-conferencia-dos-religiosos-do-brasil-crb\/\",\"url\":\"https:\/\/ifap.org.br\/index.php\/2024\/06\/04\/ifap-marca-presenca-na-celebracao-dos-70-anos-da-conferencia-dos-religiosos-do-brasil-crb\/\",\"name\":\"IFAP marca presen\u00e7a na celebra\u00e7\u00e3o dos 70 Anos da Confer\u00eancia dos Religiosos do Brasil (CRB) - IFAP\",\"isPartOf\":{\"@id\":\"https:\/\/ifap.org.br\/#website\"},\"primaryImageOfPage\":{\"@id\":\"https:\/\/ifap.org.br\/index.php\/2024\/06\/04\/ifap-marca-presenca-na-celebracao-dos-70-anos-da-conferencia-dos-religiosos-do-brasil-crb\/#primaryimage\"},\"image\":{\"@id\":\"https:\/\/ifap.org.br\/index.php\/2024\/06\/04\/ifap-marca-presenca-na-celebracao-dos-70-anos-da-conferencia-dos-religiosos-do-brasil-crb\/#primaryimage\"},\"thumbnailUrl\":\"https:\/\/ifap.org.br\/wp-content\/uploads\/2024\/06\/Design-sem-nome-17.png\",\"datePublished\":\"2024-06-04T21:51:57+00:00\",\"dateModified\":\"2024-06-04T21:52:40+00:00\",\"breadcrumb\":{\"@id\":\"https:\/\/ifap.org.br\/index.php\/2024\/06\/04\/ifap-marca-presenca-na-celebracao-dos-70-anos-da-conferencia-dos-religiosos-do-brasil-crb\/#breadcrumb\"},\"inLanguage\":\"pt-BR\",\"potentialAction\":[{\"@type\":\"ReadAction\",\"target\":[\"https:\/\/ifap.org.br\/index.php\/2024\/06\/04\/ifap-marca-presenca-na-celebracao-dos-70-anos-da-conferencia-dos-religiosos-do-brasil-crb\/\"]}]},{\"@type\":\"ImageObject\",\"inLanguage\":\"pt-BR\",\"@id\":\"https:\/\/ifap.org.br\/index.php\/2024\/06\/04\/ifap-marca-presenca-na-celebracao-dos-70-anos-da-conferencia-dos-religiosos-do-brasil-crb\/#primaryimage\",\"url\":\"https:\/\/ifap.org.br\/wp-content\/uploads\/2024\/06\/Design-sem-nome-17.png\",\"contentUrl\":\"https:\/\/ifap.org.br\/wp-content\/uploads\/2024\/06\/Design-sem-nome-17.png\",\"width\":1280,\"height\":838},{\"@type\":\"BreadcrumbList\",\"@id\":\"https:\/\/ifap.org.br\/index.php\/2024\/06\/04\/ifap-marca-presenca-na-celebracao-dos-70-anos-da-conferencia-dos-religiosos-do-brasil-crb\/#breadcrumb\",\"itemListElement\":[{\"@type\":\"ListItem\",\"position\":1,\"name\":\"In\u00edcio\",\"item\":\"https:\/\/ifap.org.br\/\"},{\"@type\":\"ListItem\",\"position\":2,\"name\":\"IFAP marca presen\u00e7a na celebra\u00e7\u00e3o dos 70 Anos da Confer\u00eancia dos Religiosos do Brasil (CRB)\"}]},{\"@type\":\"WebSite\",\"@id\":\"https:\/\/ifap.org.br\/#website\",\"url\":\"https:\/\/ifap.org.br\/\",\"name\":\"IFAP\",\"description\":\"\",\"publisher\":{\"@id\":\"https:\/\/ifap.org.br\/#organization\"},\"potentialAction\":[{\"@type\":\"SearchAction\",\"target\":{\"@type\":\"EntryPoint\",\"urlTemplate\":\"https:\/\/ifap.org.br\/?s={search_term_string}\"},\"query-input\":{\"@type\":\"PropertyValueSpecification\",\"valueRequired\":true,\"valueName\":\"search_term_string\"}}],\"inLanguage\":\"pt-BR\"},{\"@type\":\"Organization\",\"@id\":\"https:\/\/ifap.org.br\/#organization\",\"name\":\"IFAP\",\"url\":\"https:\/\/ifap.org.br\/\",\"logo\":{\"@type\":\"ImageObject\",\"inLanguage\":\"pt-BR\",\"@id\":\"https:\/\/ifap.org.br\/#\/schema\/logo\/image\/\",\"url\":\"https:\/\/ifap.org.br\/wp-content\/uploads\/2024\/03\/logo.png\",\"contentUrl\":\"https:\/\/ifap.org.br\/wp-content\/uploads\/2024\/03\/logo.png\",\"width\":185,\"height\":80,\"caption\":\"IFAP\"},\"image\":{\"@id\":\"https:\/\/ifap.org.br\/#\/schema\/logo\/image\/\"},\"sameAs\":[\"https:\/\/www.facebook.com\/irmasifap\"]},{\"@type\":\"Person\",\"@id\":\"https:\/\/ifap.org.br\/#\/schema\/person\/2cf526a4d4872e0640e6655ae1f2a7ce\",\"name\":\"ifap.org.br\",\"image\":{\"@type\":\"ImageObject\",\"inLanguage\":\"pt-BR\",\"@id\":\"https:\/\/ifap.org.br\/#\/schema\/person\/image\/\",\"url\":\"https:\/\/secure.gravatar.com\/avatar\/d7e4cf8004331a92e6e4b4d9b757577f495f629f81c5837a011c3b83930e69e2?s=96&d=mm&r=g\",\"contentUrl\":\"https:\/\/secure.gravatar.com\/avatar\/d7e4cf8004331a92e6e4b4d9b757577f495f629f81c5837a011c3b83930e69e2?s=96&d=mm&r=g\",\"caption\":\"ifap.org.br\"},\"sameAs\":[\"https:\/\/ifap.org.br\"],\"url\":\"https:\/\/ifap.org.br\/index.php\/author\/mediumturquoise-rabbit-412052-hostingersite-com\/\"}]}<\/script>\n<!-- \/ Yoast SEO plugin. -->","yoast_head_json":{"title":"IFAP marca presen\u00e7a na celebra\u00e7\u00e3o dos 70 Anos da Confer\u00eancia dos Religiosos do Brasil (CRB) - IFAP","robots":{"index":"index","follow":"follow","max-snippet":"max-snippet:-1","max-image-preview":"max-image-preview:large","max-video-preview":"max-video-preview:-1"},"canonical":"https:\/\/ifap.org.br\/index.php\/2024\/06\/04\/ifap-marca-presenca-na-celebracao-dos-70-anos-da-conferencia-dos-religiosos-do-brasil-crb\/","og_locale":"pt_BR","og_type":"article","og_title":"IFAP marca presen\u00e7a na celebra\u00e7\u00e3o dos 70 Anos da Confer\u00eancia dos Religiosos do Brasil (CRB) - IFAP","og_description":"A Confer\u00eancia dos Religiosos do Brasil (CRB) celebrou seus 70 anos com um congresso em Fortaleza (CE), entre os dias 30 de maio e 2 de junho. O evento reuniu cerca de 800 religiosas e religiosos de todo o pa\u00eds, focando na tem\u00e1tica \u201cMem\u00f3ria, M\u00edstica, Profecia e Esperan\u00e7a\u201d. O congresso teve in\u00edcio com uma Celebra\u00e7\u00e3o [&hellip;]","og_url":"https:\/\/ifap.org.br\/index.php\/2024\/06\/04\/ifap-marca-presenca-na-celebracao-dos-70-anos-da-conferencia-dos-religiosos-do-brasil-crb\/","og_site_name":"IFAP","article_publisher":"https:\/\/www.facebook.com\/irmasifap","article_published_time":"2024-06-04T21:51:57+00:00","article_modified_time":"2024-06-04T21:52:40+00:00","og_image":[{"width":1280,"height":838,"url":"https:\/\/ifap.org.br\/wp-content\/uploads\/2024\/06\/Design-sem-nome-17.png","type":"image\/png"}],"author":"ifap.org.br","twitter_card":"summary_large_image","twitter_misc":{"Escrito por":"ifap.org.br","Est. tempo de leitura":"5 minutos"},"schema":{"@context":"https:\/\/schema.org","@graph":[{"@type":"Article","@id":"https:\/\/ifap.org.br\/index.php\/2024\/06\/04\/ifap-marca-presenca-na-celebracao-dos-70-anos-da-conferencia-dos-religiosos-do-brasil-crb\/#article","isPartOf":{"@id":"https:\/\/ifap.org.br\/index.php\/2024\/06\/04\/ifap-marca-presenca-na-celebracao-dos-70-anos-da-conferencia-dos-religiosos-do-brasil-crb\/"},"author":{"name":"ifap.org.br","@id":"https:\/\/ifap.org.br\/#\/schema\/person\/2cf526a4d4872e0640e6655ae1f2a7ce"},"headline":"IFAP marca presen\u00e7a na celebra\u00e7\u00e3o dos 70 Anos da Confer\u00eancia dos Religiosos do Brasil (CRB)","datePublished":"2024-06-04T21:51:57+00:00","dateModified":"2024-06-04T21:52:40+00:00","mainEntityOfPage":{"@id":"https:\/\/ifap.org.br\/index.php\/2024\/06\/04\/ifap-marca-presenca-na-celebracao-dos-70-anos-da-conferencia-dos-religiosos-do-brasil-crb\/"},"wordCount":665,"commentCount":0,"publisher":{"@id":"https:\/\/ifap.org.br\/#organization"},"image":{"@id":"https:\/\/ifap.org.br\/index.php\/2024\/06\/04\/ifap-marca-presenca-na-celebracao-dos-70-anos-da-conferencia-dos-religiosos-do-brasil-crb\/#primaryimage"},"thumbnailUrl":"https:\/\/ifap.org.br\/wp-content\/uploads\/2024\/06\/Design-sem-nome-17.png","articleSection":["Blog"],"inLanguage":"pt-BR","potentialAction":[{"@type":"CommentAction","name":"Comment","target":["https:\/\/ifap.org.br\/index.php\/2024\/06\/04\/ifap-marca-presenca-na-celebracao-dos-70-anos-da-conferencia-dos-religiosos-do-brasil-crb\/#respond"]}]},{"@type":"WebPage","@id":"https:\/\/ifap.org.br\/index.php\/2024\/06\/04\/ifap-marca-presenca-na-celebracao-dos-70-anos-da-conferencia-dos-religiosos-do-brasil-crb\/","url":"https:\/\/ifap.org.br\/index.php\/2024\/06\/04\/ifap-marca-presenca-na-celebracao-dos-70-anos-da-conferencia-dos-religiosos-do-brasil-crb\/","name":"IFAP marca presen\u00e7a na celebra\u00e7\u00e3o dos 70 Anos da Confer\u00eancia dos Religiosos do Brasil (CRB) - IFAP","isPartOf":{"@id":"https:\/\/ifap.org.br\/#website"},"primaryImageOfPage":{"@id":"https:\/\/ifap.org.br\/index.php\/2024\/06\/04\/ifap-marca-presenca-na-celebracao-dos-70-anos-da-conferencia-dos-religiosos-do-brasil-crb\/#primaryimage"},"image":{"@id":"https:\/\/ifap.org.br\/index.php\/2024\/06\/04\/ifap-marca-presenca-na-celebracao-dos-70-anos-da-conferencia-dos-religiosos-do-brasil-crb\/#primaryimage"},"thumbnailUrl":"https:\/\/ifap.org.br\/wp-content\/uploads\/2024\/06\/Design-sem-nome-17.png","datePublished":"2024-06-04T21:51:57+00:00","dateModified":"2024-06-04T21:52:40+00:00","breadcrumb":{"@id":"https:\/\/ifap.org.br\/index.php\/2024\/06\/04\/ifap-marca-presenca-na-celebracao-dos-70-anos-da-conferencia-dos-religiosos-do-brasil-crb\/#breadcrumb"},"inLanguage":"pt-BR","potentialAction":[{"@type":"ReadAction","target":["https:\/\/ifap.org.br\/index.php\/2024\/06\/04\/ifap-marca-presenca-na-celebracao-dos-70-anos-da-conferencia-dos-religiosos-do-brasil-crb\/"]}]},{"@type":"ImageObject","inLanguage":"pt-BR","@id":"https:\/\/ifap.org.br\/index.php\/2024\/06\/04\/ifap-marca-presenca-na-celebracao-dos-70-anos-da-conferencia-dos-religiosos-do-brasil-crb\/#primaryimage","url":"https:\/\/ifap.org.br\/wp-content\/uploads\/2024\/06\/Design-sem-nome-17.png","contentUrl":"https:\/\/ifap.org.br\/wp-content\/uploads\/2024\/06\/Design-sem-nome-17.png","width":1280,"height":838},{"@type":"BreadcrumbList","@id":"https:\/\/ifap.org.br\/index.php\/2024\/06\/04\/ifap-marca-presenca-na-celebracao-dos-70-anos-da-conferencia-dos-religiosos-do-brasil-crb\/#breadcrumb","itemListElement":[{"@type":"ListItem","position":1,"name":"In\u00edcio","item":"https:\/\/ifap.org.br\/"},{"@type":"ListItem","position":2,"name":"IFAP marca presen\u00e7a na celebra\u00e7\u00e3o dos 70 Anos da Confer\u00eancia dos Religiosos do Brasil (CRB)"}]},{"@type":"WebSite","@id":"https:\/\/ifap.org.br\/#website","url":"https:\/\/ifap.org.br\/","name":"IFAP","description":"","publisher":{"@id":"https:\/\/ifap.org.br\/#organization"},"potentialAction":[{"@type":"SearchAction","target":{"@type":"EntryPoint","urlTemplate":"https:\/\/ifap.org.br\/?s={search_term_string}"},"query-input":{"@type":"PropertyValueSpecification","valueRequired":true,"valueName":"search_term_string"}}],"inLanguage":"pt-BR"},{"@type":"Organization","@id":"https:\/\/ifap.org.br\/#organization","name":"IFAP","url":"https:\/\/ifap.org.br\/","logo":{"@type":"ImageObject","inLanguage":"pt-BR","@id":"https:\/\/ifap.org.br\/#\/schema\/logo\/image\/","url":"https:\/\/ifap.org.br\/wp-content\/uploads\/2024\/03\/logo.png","contentUrl":"https:\/\/ifap.org.br\/wp-content\/uploads\/2024\/03\/logo.png","width":185,"height":80,"caption":"IFAP"},"image":{"@id":"https:\/\/ifap.org.br\/#\/schema\/logo\/image\/"},"sameAs":["https:\/\/www.facebook.com\/irmasifap"]},{"@type":"Person","@id":"https:\/\/ifap.org.br\/#\/schema\/person\/2cf526a4d4872e0640e6655ae1f2a7ce","name":"ifap.org.br","image":{"@type":"ImageObject","inLanguage":"pt-BR","@id":"https:\/\/ifap.org.br\/#\/schema\/person\/image\/","url":"https:\/\/secure.gravatar.com\/avatar\/d7e4cf8004331a92e6e4b4d9b757577f495f629f81c5837a011c3b83930e69e2?s=96&d=mm&r=g","contentUrl":"https:\/\/secure.gravatar.com\/avatar\/d7e4cf8004331a92e6e4b4d9b757577f495f629f81c5837a011c3b83930e69e2?s=96&d=mm&r=g","caption":"ifap.org.br"},"sameAs":["https:\/\/ifap.org.br"],"url":"https:\/\/ifap.org.br\/index.php\/author\/mediumturquoise-rabbit-412052-hostingersite-com\/"}]}},"_links":{"self":[{"href":"https:\/\/ifap.org.br\/index.php\/wp-json\/wp\/v2\/posts\/874","targetHints":{"allow":["GET"]}}],"collection":[{"href":"https:\/\/ifap.org.br\/index.php\/wp-json\/wp\/v2\/posts"}],"about":[{"href":"https:\/\/ifap.org.br\/index.php\/wp-json\/wp\/v2\/types\/post"}],"author":[{"embeddable":true,"href":"https:\/\/ifap.org.br\/index.php\/wp-json\/wp\/v2\/users\/1"}],"replies":[{"embeddable":true,"href":"https:\/\/ifap.org.br\/index.php\/wp-json\/wp\/v2\/comments?post=874"}],"version-history":[{"count":3,"href":"https:\/\/ifap.org.br\/index.php\/wp-json\/wp\/v2\/posts\/874\/revisions"}],"predecessor-version":[{"id":882,"href":"https:\/\/ifap.org.br\/index.php\/wp-json\/wp\/v2\/posts\/874\/revisions\/882"}],"wp:featuredmedia":[{"embeddable":true,"href":"https:\/\/ifap.org.br\/index.php\/wp-json\/wp\/v2\/media\/877"}],"wp:attachment":[{"href":"https:\/\/ifap.org.br\/index.php\/wp-json\/wp\/v2\/media?parent=874"}],"wp:term":[{"taxonomy":"category","embeddable":true,"href":"https:\/\/ifap.org.br\/index.php\/wp-json\/wp\/v2\/categories?post=874"},{"taxonomy":"post_tag","embeddable":true,"href":"https:\/\/ifap.org.br\/index.php\/wp-json\/wp\/v2\/tags?post=874"}],"curies":[{"name":"wp","href":"https:\/\/api.w.org\/{rel}","templated":true}]}}