{"id":883,"date":"2024-06-05T20:25:32","date_gmt":"2024-06-05T23:25:32","guid":{"rendered":"https:\/\/ifap.org.br\/?p=883"},"modified":"2024-06-05T20:26:24","modified_gmt":"2024-06-05T23:26:24","slug":"documentarios-que-celebram-a-historia-de-rio-das-antas-destacam-a-presenca-e-missao-das-ifap-na-regiao","status":"publish","type":"post","link":"https:\/\/ifap.org.br\/index.php\/2024\/06\/05\/documentarios-que-celebram-a-historia-de-rio-das-antas-destacam-a-presenca-e-missao-das-ifap-na-regiao\/","title":{"rendered":"Document\u00e1rios que celebram a hist\u00f3ria de Rio das Antas destacam a presen\u00e7a e miss\u00e3o das IFAP na regi\u00e3o"},"content":{"rendered":"\n<figure class=\"wp-block-image size-large\"><img fetchpriority=\"high\" decoding=\"async\" width=\"1024\" height=\"670\" src=\"https:\/\/ifap.org.br\/wp-content\/uploads\/2024\/06\/Design-sem-nome-20-1024x670.png\" alt=\"\" class=\"wp-image-888\" srcset=\"https:\/\/ifap.org.br\/wp-content\/uploads\/2024\/06\/Design-sem-nome-20-1024x670.png 1024w, https:\/\/ifap.org.br\/wp-content\/uploads\/2024\/06\/Design-sem-nome-20-300x196.png 300w, https:\/\/ifap.org.br\/wp-content\/uploads\/2024\/06\/Design-sem-nome-20-768x503.png 768w, https:\/\/ifap.org.br\/wp-content\/uploads\/2024\/06\/Design-sem-nome-20.png 1280w\" sizes=\"(max-width: 1024px) 100vw, 1024px\" \/><\/figure>\n\n\n\n<p>Na noite do dia 1\u00ba de junho, a cidade de Rio das Antas (SC) foi palco de um evento memor\u00e1vel: o lan\u00e7amento de dois document\u00e1rios que narram a rica hist\u00f3ria local. Os filmes \u201cRio das Antas &#8211; A For\u00e7a da Terra e do Povo\u201d e \u201cO Come\u00e7o de Quase Tudo\u201d, de autoria do padre \u00c9lcio Alberton, foram produzidos com o apoio da Lei Paulo Gustavo, que se mostra fundamental para a promo\u00e7\u00e3o e preserva\u00e7\u00e3o da cultura e da mem\u00f3ria das comunidades brasileiras.<\/p>\n\n\n\n<figure class=\"wp-block-image size-large\"><img decoding=\"async\" width=\"1024\" height=\"670\" src=\"https:\/\/ifap.org.br\/wp-content\/uploads\/2024\/06\/Design-sem-nome-22-1024x670.png\" alt=\"\" class=\"wp-image-886\" srcset=\"https:\/\/ifap.org.br\/wp-content\/uploads\/2024\/06\/Design-sem-nome-22-1024x670.png 1024w, https:\/\/ifap.org.br\/wp-content\/uploads\/2024\/06\/Design-sem-nome-22-300x196.png 300w, https:\/\/ifap.org.br\/wp-content\/uploads\/2024\/06\/Design-sem-nome-22-768x503.png 768w, https:\/\/ifap.org.br\/wp-content\/uploads\/2024\/06\/Design-sem-nome-22.png 1280w\" sizes=\"(max-width: 1024px) 100vw, 1024px\" \/><figcaption class=\"wp-element-caption\">Padre Elcio Alberton. Foto: Prefeitura Municipal de Rio das Antas\/Divulga\u00e7\u00e3o.<\/figcaption><\/figure>\n\n\n\n<p>A cerim\u00f4nia de lan\u00e7amento reuniu moradores, historiadores e autoridades locais em um clima de entusiasmo e orgulho. Os document\u00e1rios lan\u00e7ados s\u00e3o mais do que registros audiovisuais; s\u00e3o verdadeiros tesouros culturais que capturam a ess\u00eancia do povo de Rio das Antas, suas tradi\u00e7\u00f5es, conquistas e desafios ao longo dos anos. Eles proporcionam uma oportunidade \u00fanica para que futuras gera\u00e7\u00f5es compreendam e valorizem suas ra\u00edzes, permitindo uma reconex\u00e3o com o passado e refor\u00e7ando o compromisso com um futuro de prosperidade e inclus\u00e3o.<\/p>\n\n\n\n<h2 class=\"wp-block-heading\">Presen\u00e7a das IFAP<\/h2>\n\n\n\n<p>Ipomeia, no interior do munic\u00edpio de Rio das Antas, \u00e9 o local onde foram dados os primeiros passos da caminhada das IFAP, que hoje somam mais de 65 anos de hist\u00f3ria. A vida e a miss\u00e3o das IFAP ganharam destaque nos document\u00e1rios como um momento marcante na mem\u00f3ria do povo da regi\u00e3o. A Congrega\u00e7\u00e3o das Irm\u00e3s Franciscanas do Apostolado Paroquial &#8211; IFAP, foi uma das institui\u00e7\u00f5es homenageadas na cerim\u00f4nia de lan\u00e7amento dos document\u00e1rios.<\/p>\n\n\n\n<figure class=\"wp-block-image size-large\"><img decoding=\"async\" width=\"1024\" height=\"670\" src=\"https:\/\/ifap.org.br\/wp-content\/uploads\/2024\/06\/Design-sem-nome-23-1024x670.png\" alt=\"\" class=\"wp-image-885\" srcset=\"https:\/\/ifap.org.br\/wp-content\/uploads\/2024\/06\/Design-sem-nome-23-1024x670.png 1024w, https:\/\/ifap.org.br\/wp-content\/uploads\/2024\/06\/Design-sem-nome-23-300x196.png 300w, https:\/\/ifap.org.br\/wp-content\/uploads\/2024\/06\/Design-sem-nome-23-768x503.png 768w, https:\/\/ifap.org.br\/wp-content\/uploads\/2024\/06\/Design-sem-nome-23.png 1280w\" sizes=\"(max-width: 1024px) 100vw, 1024px\" \/><figcaption class=\"wp-element-caption\">Irm\u00e3s e comunidade presentes no evento. Foto: Prefeitura Municipal de Rio das Antas\/Divulga\u00e7\u00e3o.<\/figcaption><\/figure>\n\n\n\n<p>A irm\u00e3 Dorvalina Munaretto, em nome de todas as IFAP recebeu uma flor, juntamente com outras pessoas homenageadas. Al\u00e9m da irm\u00e3 Dorvalina, tamb\u00e9m estiveram presentes as irm\u00e3s Mara Garcia, Nilza Camargo e a novi\u00e7a Sabrina Oliveira Almeida.<\/p>\n\n\n\n<figure class=\"wp-block-image size-large\"><img loading=\"lazy\" decoding=\"async\" width=\"1024\" height=\"670\" src=\"https:\/\/ifap.org.br\/wp-content\/uploads\/2024\/06\/Design-sem-nome-24-1024x670.png\" alt=\"\" class=\"wp-image-884\" srcset=\"https:\/\/ifap.org.br\/wp-content\/uploads\/2024\/06\/Design-sem-nome-24-1024x670.png 1024w, https:\/\/ifap.org.br\/wp-content\/uploads\/2024\/06\/Design-sem-nome-24-300x196.png 300w, https:\/\/ifap.org.br\/wp-content\/uploads\/2024\/06\/Design-sem-nome-24-768x503.png 768w, https:\/\/ifap.org.br\/wp-content\/uploads\/2024\/06\/Design-sem-nome-24.png 1280w\" sizes=\"(max-width: 1024px) 100vw, 1024px\" \/><figcaption class=\"wp-element-caption\">Irm\u00e3 Dorvalina e outras homenageadas. Foto: Prefeitura Municipal de Rio das Antas\/Divulga\u00e7\u00e3o.<\/figcaption><\/figure>\n\n\n\n<p>De acordo com a irm\u00e3 Dorvalina, a noite de lan\u00e7amento foi um momento especial para toda a regi\u00e3o de Rio das Antas. &#8220;Foi realmente uma noite de unidade. Relembrar a hist\u00f3ria desse ch\u00e3o, que ao mesmo tempo entrela\u00e7a com a hist\u00f3ria da nossa Congrega\u00e7\u00e3o, \u00e9 muito significativo&#8221;, destacou a irm\u00e3.<\/p>\n\n\n\n<figure class=\"wp-block-image size-large\"><img loading=\"lazy\" decoding=\"async\" width=\"1024\" height=\"670\" src=\"https:\/\/ifap.org.br\/wp-content\/uploads\/2024\/06\/Design-sem-nome-21-1024x670.png\" alt=\"\" class=\"wp-image-887\" srcset=\"https:\/\/ifap.org.br\/wp-content\/uploads\/2024\/06\/Design-sem-nome-21-1024x670.png 1024w, https:\/\/ifap.org.br\/wp-content\/uploads\/2024\/06\/Design-sem-nome-21-300x196.png 300w, https:\/\/ifap.org.br\/wp-content\/uploads\/2024\/06\/Design-sem-nome-21-768x503.png 768w, https:\/\/ifap.org.br\/wp-content\/uploads\/2024\/06\/Design-sem-nome-21.png 1280w\" sizes=\"(max-width: 1024px) 100vw, 1024px\" \/><figcaption class=\"wp-element-caption\">Irm\u00e3 Dorvalina e seu irm\u00e3o, o prefeito de Rio das Antas, Jo\u00e3o Carlos Munaretto. Foto: Prefeitura Municipal de Rio das Antas\/Divulga\u00e7\u00e3o.<\/figcaption><\/figure>\n\n\n\n<p>Cada detalhe dos filmes foi cuidadosamente elaborado para refletir a diversidade e a riqueza da cidade. Os document\u00e1rios estar\u00e3o dispon\u00edveis para visualiza\u00e7\u00e3o em breve nas redes sociais da Prefeitura Municipal de Rio das Antas e prometem emocionar e inspirar todos os espectadores, refor\u00e7ando o sentimento de orgulho e pertencimento ao munic\u00edpio.<\/p>\n\n\n\n<pre class=\"wp-block-preformatted\">Com informa\u00e7\u00f5es e fotos da Prefeitura Municipal de Rio das Antas (SC).<\/pre>\n","protected":false},"excerpt":{"rendered":"<p>Na noite do dia 1\u00ba de junho, a cidade de Rio das Antas (SC) foi palco de um evento memor\u00e1vel: o lan\u00e7amento de dois document\u00e1rios que narram a rica hist\u00f3ria local. Os filmes \u201cRio das Antas &#8211; A For\u00e7a da Terra e do Povo\u201d e \u201cO Come\u00e7o de Quase Tudo\u201d, de autoria do padre \u00c9lcio [&hellip;]<\/p>\n","protected":false},"author":1,"featured_media":888,"comment_status":"open","ping_status":"open","sticky":false,"template":"","format":"standard","meta":{"_monsterinsights_skip_tracking":false,"_monsterinsights_sitenote_active":false,"_monsterinsights_sitenote_note":"","_monsterinsights_sitenote_category":0,"footnotes":""},"categories":[1],"tags":[],"class_list":["post-883","post","type-post","status-publish","format-standard","has-post-thumbnail","hentry","category-blog"],"yoast_head":"<!-- This site is optimized with the Yoast SEO plugin v25.8 - https:\/\/yoast.com\/wordpress\/plugins\/seo\/ -->\n<title>Document\u00e1rios que celebram a hist\u00f3ria de Rio das Antas destacam a presen\u00e7a e miss\u00e3o das IFAP na regi\u00e3o - IFAP<\/title>\n<meta name=\"robots\" content=\"index, follow, max-snippet:-1, max-image-preview:large, max-video-preview:-1\" \/>\n<link rel=\"canonical\" href=\"https:\/\/ifap.org.br\/index.php\/2024\/06\/05\/documentarios-que-celebram-a-historia-de-rio-das-antas-destacam-a-presenca-e-missao-das-ifap-na-regiao\/\" \/>\n<meta property=\"og:locale\" content=\"pt_BR\" \/>\n<meta property=\"og:type\" content=\"article\" \/>\n<meta property=\"og:title\" content=\"Document\u00e1rios que celebram a hist\u00f3ria de Rio das Antas destacam a presen\u00e7a e miss\u00e3o das IFAP na regi\u00e3o - IFAP\" \/>\n<meta property=\"og:description\" content=\"Na noite do dia 1\u00ba de junho, a cidade de Rio das Antas (SC) foi palco de um evento memor\u00e1vel: o lan\u00e7amento de dois document\u00e1rios que narram a rica hist\u00f3ria local. Os filmes \u201cRio das Antas &#8211; A For\u00e7a da Terra e do Povo\u201d e \u201cO Come\u00e7o de Quase Tudo\u201d, de autoria do padre \u00c9lcio [&hellip;]\" \/>\n<meta property=\"og:url\" content=\"https:\/\/ifap.org.br\/index.php\/2024\/06\/05\/documentarios-que-celebram-a-historia-de-rio-das-antas-destacam-a-presenca-e-missao-das-ifap-na-regiao\/\" \/>\n<meta property=\"og:site_name\" content=\"IFAP\" \/>\n<meta property=\"article:publisher\" content=\"https:\/\/www.facebook.com\/irmasifap\" \/>\n<meta property=\"article:published_time\" content=\"2024-06-05T23:25:32+00:00\" \/>\n<meta property=\"article:modified_time\" content=\"2024-06-05T23:26:24+00:00\" \/>\n<meta property=\"og:image\" content=\"https:\/\/ifap.org.br\/wp-content\/uploads\/2024\/06\/Design-sem-nome-20.png\" \/>\n\t<meta property=\"og:image:width\" content=\"1280\" \/>\n\t<meta property=\"og:image:height\" content=\"838\" \/>\n\t<meta property=\"og:image:type\" content=\"image\/png\" \/>\n<meta name=\"author\" content=\"ifap.org.br\" \/>\n<meta name=\"twitter:card\" content=\"summary_large_image\" \/>\n<meta name=\"twitter:label1\" content=\"Escrito por\" \/>\n\t<meta name=\"twitter:data1\" content=\"ifap.org.br\" \/>\n\t<meta name=\"twitter:label2\" content=\"Est. tempo de leitura\" \/>\n\t<meta name=\"twitter:data2\" content=\"4 minutos\" \/>\n<script type=\"application\/ld+json\" class=\"yoast-schema-graph\">{\"@context\":\"https:\/\/schema.org\",\"@graph\":[{\"@type\":\"Article\",\"@id\":\"https:\/\/ifap.org.br\/index.php\/2024\/06\/05\/documentarios-que-celebram-a-historia-de-rio-das-antas-destacam-a-presenca-e-missao-das-ifap-na-regiao\/#article\",\"isPartOf\":{\"@id\":\"https:\/\/ifap.org.br\/index.php\/2024\/06\/05\/documentarios-que-celebram-a-historia-de-rio-das-antas-destacam-a-presenca-e-missao-das-ifap-na-regiao\/\"},\"author\":{\"name\":\"ifap.org.br\",\"@id\":\"https:\/\/ifap.org.br\/#\/schema\/person\/2cf526a4d4872e0640e6655ae1f2a7ce\"},\"headline\":\"Document\u00e1rios que celebram a hist\u00f3ria de Rio das Antas destacam a presen\u00e7a e miss\u00e3o das IFAP na regi\u00e3o\",\"datePublished\":\"2024-06-05T23:25:32+00:00\",\"dateModified\":\"2024-06-05T23:26:24+00:00\",\"mainEntityOfPage\":{\"@id\":\"https:\/\/ifap.org.br\/index.php\/2024\/06\/05\/documentarios-que-celebram-a-historia-de-rio-das-antas-destacam-a-presenca-e-missao-das-ifap-na-regiao\/\"},\"wordCount\":514,\"commentCount\":0,\"publisher\":{\"@id\":\"https:\/\/ifap.org.br\/#organization\"},\"image\":{\"@id\":\"https:\/\/ifap.org.br\/index.php\/2024\/06\/05\/documentarios-que-celebram-a-historia-de-rio-das-antas-destacam-a-presenca-e-missao-das-ifap-na-regiao\/#primaryimage\"},\"thumbnailUrl\":\"https:\/\/ifap.org.br\/wp-content\/uploads\/2024\/06\/Design-sem-nome-20.png\",\"articleSection\":[\"Blog\"],\"inLanguage\":\"pt-BR\",\"potentialAction\":[{\"@type\":\"CommentAction\",\"name\":\"Comment\",\"target\":[\"https:\/\/ifap.org.br\/index.php\/2024\/06\/05\/documentarios-que-celebram-a-historia-de-rio-das-antas-destacam-a-presenca-e-missao-das-ifap-na-regiao\/#respond\"]}]},{\"@type\":\"WebPage\",\"@id\":\"https:\/\/ifap.org.br\/index.php\/2024\/06\/05\/documentarios-que-celebram-a-historia-de-rio-das-antas-destacam-a-presenca-e-missao-das-ifap-na-regiao\/\",\"url\":\"https:\/\/ifap.org.br\/index.php\/2024\/06\/05\/documentarios-que-celebram-a-historia-de-rio-das-antas-destacam-a-presenca-e-missao-das-ifap-na-regiao\/\",\"name\":\"Document\u00e1rios que celebram a hist\u00f3ria de Rio das Antas destacam a presen\u00e7a e miss\u00e3o das IFAP na regi\u00e3o - IFAP\",\"isPartOf\":{\"@id\":\"https:\/\/ifap.org.br\/#website\"},\"primaryImageOfPage\":{\"@id\":\"https:\/\/ifap.org.br\/index.php\/2024\/06\/05\/documentarios-que-celebram-a-historia-de-rio-das-antas-destacam-a-presenca-e-missao-das-ifap-na-regiao\/#primaryimage\"},\"image\":{\"@id\":\"https:\/\/ifap.org.br\/index.php\/2024\/06\/05\/documentarios-que-celebram-a-historia-de-rio-das-antas-destacam-a-presenca-e-missao-das-ifap-na-regiao\/#primaryimage\"},\"thumbnailUrl\":\"https:\/\/ifap.org.br\/wp-content\/uploads\/2024\/06\/Design-sem-nome-20.png\",\"datePublished\":\"2024-06-05T23:25:32+00:00\",\"dateModified\":\"2024-06-05T23:26:24+00:00\",\"breadcrumb\":{\"@id\":\"https:\/\/ifap.org.br\/index.php\/2024\/06\/05\/documentarios-que-celebram-a-historia-de-rio-das-antas-destacam-a-presenca-e-missao-das-ifap-na-regiao\/#breadcrumb\"},\"inLanguage\":\"pt-BR\",\"potentialAction\":[{\"@type\":\"ReadAction\",\"target\":[\"https:\/\/ifap.org.br\/index.php\/2024\/06\/05\/documentarios-que-celebram-a-historia-de-rio-das-antas-destacam-a-presenca-e-missao-das-ifap-na-regiao\/\"]}]},{\"@type\":\"ImageObject\",\"inLanguage\":\"pt-BR\",\"@id\":\"https:\/\/ifap.org.br\/index.php\/2024\/06\/05\/documentarios-que-celebram-a-historia-de-rio-das-antas-destacam-a-presenca-e-missao-das-ifap-na-regiao\/#primaryimage\",\"url\":\"https:\/\/ifap.org.br\/wp-content\/uploads\/2024\/06\/Design-sem-nome-20.png\",\"contentUrl\":\"https:\/\/ifap.org.br\/wp-content\/uploads\/2024\/06\/Design-sem-nome-20.png\",\"width\":1280,\"height\":838},{\"@type\":\"BreadcrumbList\",\"@id\":\"https:\/\/ifap.org.br\/index.php\/2024\/06\/05\/documentarios-que-celebram-a-historia-de-rio-das-antas-destacam-a-presenca-e-missao-das-ifap-na-regiao\/#breadcrumb\",\"itemListElement\":[{\"@type\":\"ListItem\",\"position\":1,\"name\":\"In\u00edcio\",\"item\":\"https:\/\/ifap.org.br\/\"},{\"@type\":\"ListItem\",\"position\":2,\"name\":\"Document\u00e1rios que celebram a hist\u00f3ria de Rio das Antas destacam a presen\u00e7a e miss\u00e3o das IFAP na regi\u00e3o\"}]},{\"@type\":\"WebSite\",\"@id\":\"https:\/\/ifap.org.br\/#website\",\"url\":\"https:\/\/ifap.org.br\/\",\"name\":\"IFAP\",\"description\":\"\",\"publisher\":{\"@id\":\"https:\/\/ifap.org.br\/#organization\"},\"potentialAction\":[{\"@type\":\"SearchAction\",\"target\":{\"@type\":\"EntryPoint\",\"urlTemplate\":\"https:\/\/ifap.org.br\/?s={search_term_string}\"},\"query-input\":{\"@type\":\"PropertyValueSpecification\",\"valueRequired\":true,\"valueName\":\"search_term_string\"}}],\"inLanguage\":\"pt-BR\"},{\"@type\":\"Organization\",\"@id\":\"https:\/\/ifap.org.br\/#organization\",\"name\":\"IFAP\",\"url\":\"https:\/\/ifap.org.br\/\",\"logo\":{\"@type\":\"ImageObject\",\"inLanguage\":\"pt-BR\",\"@id\":\"https:\/\/ifap.org.br\/#\/schema\/logo\/image\/\",\"url\":\"https:\/\/ifap.org.br\/wp-content\/uploads\/2024\/03\/logo.png\",\"contentUrl\":\"https:\/\/ifap.org.br\/wp-content\/uploads\/2024\/03\/logo.png\",\"width\":185,\"height\":80,\"caption\":\"IFAP\"},\"image\":{\"@id\":\"https:\/\/ifap.org.br\/#\/schema\/logo\/image\/\"},\"sameAs\":[\"https:\/\/www.facebook.com\/irmasifap\"]},{\"@type\":\"Person\",\"@id\":\"https:\/\/ifap.org.br\/#\/schema\/person\/2cf526a4d4872e0640e6655ae1f2a7ce\",\"name\":\"ifap.org.br\",\"image\":{\"@type\":\"ImageObject\",\"inLanguage\":\"pt-BR\",\"@id\":\"https:\/\/ifap.org.br\/#\/schema\/person\/image\/\",\"url\":\"https:\/\/secure.gravatar.com\/avatar\/d7e4cf8004331a92e6e4b4d9b757577f495f629f81c5837a011c3b83930e69e2?s=96&d=mm&r=g\",\"contentUrl\":\"https:\/\/secure.gravatar.com\/avatar\/d7e4cf8004331a92e6e4b4d9b757577f495f629f81c5837a011c3b83930e69e2?s=96&d=mm&r=g\",\"caption\":\"ifap.org.br\"},\"sameAs\":[\"https:\/\/ifap.org.br\"],\"url\":\"https:\/\/ifap.org.br\/index.php\/author\/mediumturquoise-rabbit-412052-hostingersite-com\/\"}]}<\/script>\n<!-- \/ Yoast SEO plugin. -->","yoast_head_json":{"title":"Document\u00e1rios que celebram a hist\u00f3ria de Rio das Antas destacam a presen\u00e7a e miss\u00e3o das IFAP na regi\u00e3o - IFAP","robots":{"index":"index","follow":"follow","max-snippet":"max-snippet:-1","max-image-preview":"max-image-preview:large","max-video-preview":"max-video-preview:-1"},"canonical":"https:\/\/ifap.org.br\/index.php\/2024\/06\/05\/documentarios-que-celebram-a-historia-de-rio-das-antas-destacam-a-presenca-e-missao-das-ifap-na-regiao\/","og_locale":"pt_BR","og_type":"article","og_title":"Document\u00e1rios que celebram a hist\u00f3ria de Rio das Antas destacam a presen\u00e7a e miss\u00e3o das IFAP na regi\u00e3o - IFAP","og_description":"Na noite do dia 1\u00ba de junho, a cidade de Rio das Antas (SC) foi palco de um evento memor\u00e1vel: o lan\u00e7amento de dois document\u00e1rios que narram a rica hist\u00f3ria local. Os filmes \u201cRio das Antas &#8211; A For\u00e7a da Terra e do Povo\u201d e \u201cO Come\u00e7o de Quase Tudo\u201d, de autoria do padre \u00c9lcio [&hellip;]","og_url":"https:\/\/ifap.org.br\/index.php\/2024\/06\/05\/documentarios-que-celebram-a-historia-de-rio-das-antas-destacam-a-presenca-e-missao-das-ifap-na-regiao\/","og_site_name":"IFAP","article_publisher":"https:\/\/www.facebook.com\/irmasifap","article_published_time":"2024-06-05T23:25:32+00:00","article_modified_time":"2024-06-05T23:26:24+00:00","og_image":[{"width":1280,"height":838,"url":"https:\/\/ifap.org.br\/wp-content\/uploads\/2024\/06\/Design-sem-nome-20.png","type":"image\/png"}],"author":"ifap.org.br","twitter_card":"summary_large_image","twitter_misc":{"Escrito por":"ifap.org.br","Est. tempo de leitura":"4 minutos"},"schema":{"@context":"https:\/\/schema.org","@graph":[{"@type":"Article","@id":"https:\/\/ifap.org.br\/index.php\/2024\/06\/05\/documentarios-que-celebram-a-historia-de-rio-das-antas-destacam-a-presenca-e-missao-das-ifap-na-regiao\/#article","isPartOf":{"@id":"https:\/\/ifap.org.br\/index.php\/2024\/06\/05\/documentarios-que-celebram-a-historia-de-rio-das-antas-destacam-a-presenca-e-missao-das-ifap-na-regiao\/"},"author":{"name":"ifap.org.br","@id":"https:\/\/ifap.org.br\/#\/schema\/person\/2cf526a4d4872e0640e6655ae1f2a7ce"},"headline":"Document\u00e1rios que celebram a hist\u00f3ria de Rio das Antas destacam a presen\u00e7a e miss\u00e3o das IFAP na regi\u00e3o","datePublished":"2024-06-05T23:25:32+00:00","dateModified":"2024-06-05T23:26:24+00:00","mainEntityOfPage":{"@id":"https:\/\/ifap.org.br\/index.php\/2024\/06\/05\/documentarios-que-celebram-a-historia-de-rio-das-antas-destacam-a-presenca-e-missao-das-ifap-na-regiao\/"},"wordCount":514,"commentCount":0,"publisher":{"@id":"https:\/\/ifap.org.br\/#organization"},"image":{"@id":"https:\/\/ifap.org.br\/index.php\/2024\/06\/05\/documentarios-que-celebram-a-historia-de-rio-das-antas-destacam-a-presenca-e-missao-das-ifap-na-regiao\/#primaryimage"},"thumbnailUrl":"https:\/\/ifap.org.br\/wp-content\/uploads\/2024\/06\/Design-sem-nome-20.png","articleSection":["Blog"],"inLanguage":"pt-BR","potentialAction":[{"@type":"CommentAction","name":"Comment","target":["https:\/\/ifap.org.br\/index.php\/2024\/06\/05\/documentarios-que-celebram-a-historia-de-rio-das-antas-destacam-a-presenca-e-missao-das-ifap-na-regiao\/#respond"]}]},{"@type":"WebPage","@id":"https:\/\/ifap.org.br\/index.php\/2024\/06\/05\/documentarios-que-celebram-a-historia-de-rio-das-antas-destacam-a-presenca-e-missao-das-ifap-na-regiao\/","url":"https:\/\/ifap.org.br\/index.php\/2024\/06\/05\/documentarios-que-celebram-a-historia-de-rio-das-antas-destacam-a-presenca-e-missao-das-ifap-na-regiao\/","name":"Document\u00e1rios que celebram a hist\u00f3ria de Rio das Antas destacam a presen\u00e7a e miss\u00e3o das IFAP na regi\u00e3o - IFAP","isPartOf":{"@id":"https:\/\/ifap.org.br\/#website"},"primaryImageOfPage":{"@id":"https:\/\/ifap.org.br\/index.php\/2024\/06\/05\/documentarios-que-celebram-a-historia-de-rio-das-antas-destacam-a-presenca-e-missao-das-ifap-na-regiao\/#primaryimage"},"image":{"@id":"https:\/\/ifap.org.br\/index.php\/2024\/06\/05\/documentarios-que-celebram-a-historia-de-rio-das-antas-destacam-a-presenca-e-missao-das-ifap-na-regiao\/#primaryimage"},"thumbnailUrl":"https:\/\/ifap.org.br\/wp-content\/uploads\/2024\/06\/Design-sem-nome-20.png","datePublished":"2024-06-05T23:25:32+00:00","dateModified":"2024-06-05T23:26:24+00:00","breadcrumb":{"@id":"https:\/\/ifap.org.br\/index.php\/2024\/06\/05\/documentarios-que-celebram-a-historia-de-rio-das-antas-destacam-a-presenca-e-missao-das-ifap-na-regiao\/#breadcrumb"},"inLanguage":"pt-BR","potentialAction":[{"@type":"ReadAction","target":["https:\/\/ifap.org.br\/index.php\/2024\/06\/05\/documentarios-que-celebram-a-historia-de-rio-das-antas-destacam-a-presenca-e-missao-das-ifap-na-regiao\/"]}]},{"@type":"ImageObject","inLanguage":"pt-BR","@id":"https:\/\/ifap.org.br\/index.php\/2024\/06\/05\/documentarios-que-celebram-a-historia-de-rio-das-antas-destacam-a-presenca-e-missao-das-ifap-na-regiao\/#primaryimage","url":"https:\/\/ifap.org.br\/wp-content\/uploads\/2024\/06\/Design-sem-nome-20.png","contentUrl":"https:\/\/ifap.org.br\/wp-content\/uploads\/2024\/06\/Design-sem-nome-20.png","width":1280,"height":838},{"@type":"BreadcrumbList","@id":"https:\/\/ifap.org.br\/index.php\/2024\/06\/05\/documentarios-que-celebram-a-historia-de-rio-das-antas-destacam-a-presenca-e-missao-das-ifap-na-regiao\/#breadcrumb","itemListElement":[{"@type":"ListItem","position":1,"name":"In\u00edcio","item":"https:\/\/ifap.org.br\/"},{"@type":"ListItem","position":2,"name":"Document\u00e1rios que celebram a hist\u00f3ria de Rio das Antas destacam a presen\u00e7a e miss\u00e3o das IFAP na regi\u00e3o"}]},{"@type":"WebSite","@id":"https:\/\/ifap.org.br\/#website","url":"https:\/\/ifap.org.br\/","name":"IFAP","description":"","publisher":{"@id":"https:\/\/ifap.org.br\/#organization"},"potentialAction":[{"@type":"SearchAction","target":{"@type":"EntryPoint","urlTemplate":"https:\/\/ifap.org.br\/?s={search_term_string}"},"query-input":{"@type":"PropertyValueSpecification","valueRequired":true,"valueName":"search_term_string"}}],"inLanguage":"pt-BR"},{"@type":"Organization","@id":"https:\/\/ifap.org.br\/#organization","name":"IFAP","url":"https:\/\/ifap.org.br\/","logo":{"@type":"ImageObject","inLanguage":"pt-BR","@id":"https:\/\/ifap.org.br\/#\/schema\/logo\/image\/","url":"https:\/\/ifap.org.br\/wp-content\/uploads\/2024\/03\/logo.png","contentUrl":"https:\/\/ifap.org.br\/wp-content\/uploads\/2024\/03\/logo.png","width":185,"height":80,"caption":"IFAP"},"image":{"@id":"https:\/\/ifap.org.br\/#\/schema\/logo\/image\/"},"sameAs":["https:\/\/www.facebook.com\/irmasifap"]},{"@type":"Person","@id":"https:\/\/ifap.org.br\/#\/schema\/person\/2cf526a4d4872e0640e6655ae1f2a7ce","name":"ifap.org.br","image":{"@type":"ImageObject","inLanguage":"pt-BR","@id":"https:\/\/ifap.org.br\/#\/schema\/person\/image\/","url":"https:\/\/secure.gravatar.com\/avatar\/d7e4cf8004331a92e6e4b4d9b757577f495f629f81c5837a011c3b83930e69e2?s=96&d=mm&r=g","contentUrl":"https:\/\/secure.gravatar.com\/avatar\/d7e4cf8004331a92e6e4b4d9b757577f495f629f81c5837a011c3b83930e69e2?s=96&d=mm&r=g","caption":"ifap.org.br"},"sameAs":["https:\/\/ifap.org.br"],"url":"https:\/\/ifap.org.br\/index.php\/author\/mediumturquoise-rabbit-412052-hostingersite-com\/"}]}},"_links":{"self":[{"href":"https:\/\/ifap.org.br\/index.php\/wp-json\/wp\/v2\/posts\/883","targetHints":{"allow":["GET"]}}],"collection":[{"href":"https:\/\/ifap.org.br\/index.php\/wp-json\/wp\/v2\/posts"}],"about":[{"href":"https:\/\/ifap.org.br\/index.php\/wp-json\/wp\/v2\/types\/post"}],"author":[{"embeddable":true,"href":"https:\/\/ifap.org.br\/index.php\/wp-json\/wp\/v2\/users\/1"}],"replies":[{"embeddable":true,"href":"https:\/\/ifap.org.br\/index.php\/wp-json\/wp\/v2\/comments?post=883"}],"version-history":[{"count":3,"href":"https:\/\/ifap.org.br\/index.php\/wp-json\/wp\/v2\/posts\/883\/revisions"}],"predecessor-version":[{"id":892,"href":"https:\/\/ifap.org.br\/index.php\/wp-json\/wp\/v2\/posts\/883\/revisions\/892"}],"wp:featuredmedia":[{"embeddable":true,"href":"https:\/\/ifap.org.br\/index.php\/wp-json\/wp\/v2\/media\/888"}],"wp:attachment":[{"href":"https:\/\/ifap.org.br\/index.php\/wp-json\/wp\/v2\/media?parent=883"}],"wp:term":[{"taxonomy":"category","embeddable":true,"href":"https:\/\/ifap.org.br\/index.php\/wp-json\/wp\/v2\/categories?post=883"},{"taxonomy":"post_tag","embeddable":true,"href":"https:\/\/ifap.org.br\/index.php\/wp-json\/wp\/v2\/tags?post=883"}],"curies":[{"name":"wp","href":"https:\/\/api.w.org\/{rel}","templated":true}]}}