{"id":901,"date":"2024-06-25T11:55:59","date_gmt":"2024-06-25T14:55:59","guid":{"rendered":"https:\/\/ifap.org.br\/?p=901"},"modified":"2024-06-25T15:21:43","modified_gmt":"2024-06-25T18:21:43","slug":"dia-mundial-do-migrante-e-os-desafios-do-servico-de-acolhimento-como-missao","status":"publish","type":"post","link":"https:\/\/ifap.org.br\/index.php\/2024\/06\/25\/dia-mundial-do-migrante-e-os-desafios-do-servico-de-acolhimento-como-missao\/","title":{"rendered":"Dia Mundial do Migrante e os desafios do servi\u00e7o de acolhimento como miss\u00e3o"},"content":{"rendered":"\n<figure class=\"wp-block-image size-large\"><img fetchpriority=\"high\" decoding=\"async\" width=\"1024\" height=\"670\" src=\"https:\/\/ifap.org.br\/wp-content\/uploads\/2024\/06\/Design-sem-nome-6-1024x670.png\" alt=\"\" class=\"wp-image-902\" srcset=\"https:\/\/ifap.org.br\/wp-content\/uploads\/2024\/06\/Design-sem-nome-6-1024x670.png 1024w, https:\/\/ifap.org.br\/wp-content\/uploads\/2024\/06\/Design-sem-nome-6-300x196.png 300w, https:\/\/ifap.org.br\/wp-content\/uploads\/2024\/06\/Design-sem-nome-6-768x503.png 768w, https:\/\/ifap.org.br\/wp-content\/uploads\/2024\/06\/Design-sem-nome-6.png 1280w\" sizes=\"(max-width: 1024px) 100vw, 1024px\" \/><\/figure>\n\n\n\n<p>O Dia Mundial do Migrante, 25 de junho, \u00e9 uma data especial para refletir sobre a realidade e os desafios enfrentados pelos migrantes que buscam novas oportunidades no Brasil e em outras regi\u00f5es do mundo. Dados recentes do Minist\u00e9rio da Justi\u00e7a e Seguran\u00e7a P\u00fablica indicam que o Brasil abriga cerca de 1,3 milh\u00e3o de migrantes, um aumento de 20% em compara\u00e7\u00e3o \u00e0 d\u00e9cada anterior.<\/p>\n\n\n\n<p>O fluxo migrat\u00f3rio para o Brasil \u00e9 composto por diversas nacionalidades, sendo os venezuelanos o maior grupo, com aproximadamente 350 mil pessoas. A crise econ\u00f4mica e pol\u00edtica na Venezuela continua a for\u00e7ar milhares de cidad\u00e3os a buscar ref\u00fagio no Brasil. Em seguida, os haitianos formam um grupo significativo, com cerca de 150 mil indiv\u00edduos, muitos dos quais chegaram ap\u00f3s o terremoto devastador de 2010. Outro grupo relevante \u00e9 o dos s\u00edrios, com mais de 10 mil refugiados que fugiram da guerra civil em seu pa\u00eds de origem.<\/p>\n\n\n\n<h2 class=\"wp-block-heading\">Miss\u00e3o IFAP junto aos migrantes<\/h2>\n\n\n\n<p>Em Ca\u00e7ador (SC), uma parceria com a C\u00e1ritas Diocesana possibilita desde 2013 a realiza\u00e7\u00e3o de aulas de conversa\u00e7\u00e3o em portugu\u00eas e aux\u00edlio na emiss\u00e3o de documentos exigidos para migrantes que chegam ao Brasil. De acordo com a irm\u00e3 Mara Maria Garcia da Silva, da Irmandade Maria Rosa, uma das volunt\u00e1rias das aulas de conversa\u00e7\u00e3o em portugu\u00eas, esta atividade \u00e9 um sinal da miss\u00e3o das IFAP e da Igreja junto a estas pessoas que passam por situa\u00e7\u00f5es de vulnerabilidade quando chegam em nosso pa\u00eds. <em>&#8220;Eu vejo esta experi\u00eancia como um compromisso pessoal e da nossa Congrega\u00e7\u00e3o com os contextos migrat\u00f3rios que existiram e existem em nosso pa\u00eds. J\u00e1 havia trabalhado com migrantes nas minhas experi\u00eancias na Diocese de Vacaria. Quando cheguei aqui em Ca\u00e7ador e vi que existia este campo de miss\u00e3o, n\u00e3o pensei duas vezes, \u00e9 ali que preciso estar&#8221;<\/em>, declarou a irm\u00e3 Mara.<\/p>\n\n\n\n<figure class=\"wp-block-image size-large\"><img decoding=\"async\" width=\"1024\" height=\"670\" src=\"https:\/\/ifap.org.br\/wp-content\/uploads\/2024\/06\/Design-sem-nome-8-1024x670.png\" alt=\"\" class=\"wp-image-903\" srcset=\"https:\/\/ifap.org.br\/wp-content\/uploads\/2024\/06\/Design-sem-nome-8-1024x670.png 1024w, https:\/\/ifap.org.br\/wp-content\/uploads\/2024\/06\/Design-sem-nome-8-300x196.png 300w, https:\/\/ifap.org.br\/wp-content\/uploads\/2024\/06\/Design-sem-nome-8-768x503.png 768w, https:\/\/ifap.org.br\/wp-content\/uploads\/2024\/06\/Design-sem-nome-8.png 1280w\" sizes=\"(max-width: 1024px) 100vw, 1024px\" \/><figcaption class=\"wp-element-caption\"><em>Aulas de conversa\u00e7\u00e3o em portugu\u00eas realizado com migrantes em Ca\u00e7ador (SC). Foto: Divulga\u00e7\u00e3o.<\/em><\/figcaption><\/figure>\n\n\n\n<p>Em Vacaria (RS), na Irmandade Santa Izabel, a irm\u00e3 Ivone Terezinha Sutil de Oliveira faz parte da equipe de forma\u00e7\u00e3o junto ao Secretariado Diocesano de Pastoral. Esta equipe desenvolve um projeto permanente de forma\u00e7\u00e3o, que tem como fio condutor a Carta Enc\u00edclica do Papa Francisco, Fratelli Tutti &#8211; sobre a Fraternidade e a Amizade Social. Segundo a irm\u00e3 Ivone, o cronograma das forma\u00e7\u00f5es apresenta uma etapa espec\u00edfica sobre as quest\u00f5es da migra\u00e7\u00e3o no pr\u00f3ximo dia 13 de julho, com o tema \u201cEra migrante e me acolheste\u201d (cf. Mt 25,36), destacando a import\u00e2ncia da acolhida a todas e todos.<\/p>\n\n\n\n<figure class=\"wp-block-image alignleft size-large is-resized\"><img decoding=\"async\" width=\"683\" height=\"1024\" src=\"https:\/\/ifap.org.br\/wp-content\/uploads\/2024\/06\/cartaz-60x40-1_page-0001-683x1024.jpg\" alt=\"\" class=\"wp-image-904\" style=\"width:221px;height:auto\" srcset=\"https:\/\/ifap.org.br\/wp-content\/uploads\/2024\/06\/cartaz-60x40-1_page-0001-683x1024.jpg 683w, https:\/\/ifap.org.br\/wp-content\/uploads\/2024\/06\/cartaz-60x40-1_page-0001-200x300.jpg 200w, https:\/\/ifap.org.br\/wp-content\/uploads\/2024\/06\/cartaz-60x40-1_page-0001-768x1152.jpg 768w, https:\/\/ifap.org.br\/wp-content\/uploads\/2024\/06\/cartaz-60x40-1_page-0001-1024x1536.jpg 1024w, https:\/\/ifap.org.br\/wp-content\/uploads\/2024\/06\/cartaz-60x40-1_page-0001-1366x2048.jpg 1366w, https:\/\/ifap.org.br\/wp-content\/uploads\/2024\/06\/cartaz-60x40-1_page-0001-scaled.jpg 1707w\" sizes=\"(max-width: 683px) 100vw, 683px\" \/><\/figure>\n\n\n\n<h2 class=\"wp-block-heading\">Semana do Migrante<\/h2>\n\n\n\n<p>Como parte das comemora\u00e7\u00f5es do Dia Mundial do Migrante, a Igreja Cat\u00f3lica no Brasil promove anualmente a Semana do Migrante, uma iniciativa que visa sensibilizar a sociedade sobre a situa\u00e7\u00e3o dos migrantes e promover a\u00e7\u00f5es de acolhimento e integra\u00e7\u00e3o. Este ano, a Semana do Migrante traz o tema \u201cMigra\u00e7\u00e3o e Casa Comum\u201d e o lema \u201cAmplia o espa\u00e7o da tua Tenda\u201d (Is 54,2). Diversas atividades foram realizadas entre os dias 16 e 23 de junho em todo o pa\u00eds, incluindo semin\u00e1rios, debates e a\u00e7\u00f5es comunit\u00e1rias para apoiar os migrantes e refugiados.<\/p>\n\n\n\n<p><\/p>\n\n\n\n<h2 class=\"wp-block-heading\">Desafios de Integra\u00e7\u00e3o<\/h2>\n\n\n\n<p>Os migrantes no Brasil enfrentam diversos obst\u00e1culos, incluindo barreiras lingu\u00edsticas, dificuldades de acesso ao mercado de trabalho e servi\u00e7os b\u00e1sicos. Em resposta, o governo brasileiro, em parceria com organiza\u00e7\u00f5es n\u00e3o-governamentais e ag\u00eancias internacionais, incluindo o Servi\u00e7o Pastoral do Migrante e a C\u00e1ritas Brasileira, tem implementado v\u00e1rias iniciativas para apoiar a integra\u00e7\u00e3o das pessoas migrantes. <\/p>\n\n\n\n<p>A presen\u00e7a dos migrantes no Brasil tem um impacto significativo na economia e na sociedade. Eles est\u00e3o inseridos em setores como constru\u00e7\u00e3o civil, servi\u00e7os, agricultura e com\u00e9rcio, contribuindo para o crescimento econ\u00f4mico. Al\u00e9m disso, a diversidade cultural que eles trazem enriquece a sociedade brasileira, promovendo um interc\u00e2mbio cultural vibrante e a toler\u00e2ncia.<\/p>\n\n\n\n<p>Neste Dia Mundial do Migrante, \u00e9 crucial reconhecer e celebrar a resili\u00eancia e as contribui\u00e7\u00f5es dos migrantes no Brasil. A data serve como um lembrete da import\u00e2ncia de pol\u00edticas de migra\u00e7\u00e3o inclusivas e humanas que garantam os direitos e a dignidade de todos os migrantes. \u00c9 um momento para refor\u00e7ar o compromisso com a cria\u00e7\u00e3o de um ambiente acolhedor e inclusivo.<\/p>\n","protected":false},"excerpt":{"rendered":"<p>O Dia Mundial do Migrante, 25 de junho, \u00e9 uma data especial para refletir sobre a realidade e os desafios enfrentados pelos migrantes que buscam novas oportunidades no Brasil e em outras regi\u00f5es do mundo. Dados recentes do Minist\u00e9rio da Justi\u00e7a e Seguran\u00e7a P\u00fablica indicam que o Brasil abriga cerca de 1,3 milh\u00e3o de migrantes, [&hellip;]<\/p>\n","protected":false},"author":1,"featured_media":902,"comment_status":"open","ping_status":"open","sticky":false,"template":"","format":"standard","meta":{"_monsterinsights_skip_tracking":false,"_monsterinsights_sitenote_active":false,"_monsterinsights_sitenote_note":"","_monsterinsights_sitenote_category":0,"footnotes":""},"categories":[1],"tags":[],"class_list":["post-901","post","type-post","status-publish","format-standard","has-post-thumbnail","hentry","category-blog"],"yoast_head":"<!-- This site is optimized with the Yoast SEO plugin v25.8 - https:\/\/yoast.com\/wordpress\/plugins\/seo\/ -->\n<title>Dia Mundial do Migrante e os desafios do servi\u00e7o de acolhimento como miss\u00e3o - IFAP<\/title>\n<meta name=\"robots\" content=\"index, follow, max-snippet:-1, max-image-preview:large, max-video-preview:-1\" \/>\n<link rel=\"canonical\" href=\"https:\/\/ifap.org.br\/index.php\/2024\/06\/25\/dia-mundial-do-migrante-e-os-desafios-do-servico-de-acolhimento-como-missao\/\" \/>\n<meta property=\"og:locale\" content=\"pt_BR\" \/>\n<meta property=\"og:type\" content=\"article\" \/>\n<meta property=\"og:title\" content=\"Dia Mundial do Migrante e os desafios do servi\u00e7o de acolhimento como miss\u00e3o - IFAP\" \/>\n<meta property=\"og:description\" content=\"O Dia Mundial do Migrante, 25 de junho, \u00e9 uma data especial para refletir sobre a realidade e os desafios enfrentados pelos migrantes que buscam novas oportunidades no Brasil e em outras regi\u00f5es do mundo. Dados recentes do Minist\u00e9rio da Justi\u00e7a e Seguran\u00e7a P\u00fablica indicam que o Brasil abriga cerca de 1,3 milh\u00e3o de migrantes, [&hellip;]\" \/>\n<meta property=\"og:url\" content=\"https:\/\/ifap.org.br\/index.php\/2024\/06\/25\/dia-mundial-do-migrante-e-os-desafios-do-servico-de-acolhimento-como-missao\/\" \/>\n<meta property=\"og:site_name\" content=\"IFAP\" \/>\n<meta property=\"article:publisher\" content=\"https:\/\/www.facebook.com\/irmasifap\" \/>\n<meta property=\"article:published_time\" content=\"2024-06-25T14:55:59+00:00\" \/>\n<meta property=\"article:modified_time\" content=\"2024-06-25T18:21:43+00:00\" \/>\n<meta property=\"og:image\" content=\"https:\/\/ifap.org.br\/wp-content\/uploads\/2024\/06\/Design-sem-nome-6.png\" \/>\n\t<meta property=\"og:image:width\" content=\"1280\" \/>\n\t<meta property=\"og:image:height\" content=\"838\" \/>\n\t<meta property=\"og:image:type\" content=\"image\/png\" \/>\n<meta name=\"author\" content=\"ifap.org.br\" \/>\n<meta name=\"twitter:card\" content=\"summary_large_image\" \/>\n<meta name=\"twitter:label1\" content=\"Escrito por\" \/>\n\t<meta name=\"twitter:data1\" content=\"ifap.org.br\" \/>\n\t<meta name=\"twitter:label2\" content=\"Est. tempo de leitura\" \/>\n\t<meta name=\"twitter:data2\" content=\"5 minutos\" \/>\n<script type=\"application\/ld+json\" class=\"yoast-schema-graph\">{\"@context\":\"https:\/\/schema.org\",\"@graph\":[{\"@type\":\"Article\",\"@id\":\"https:\/\/ifap.org.br\/index.php\/2024\/06\/25\/dia-mundial-do-migrante-e-os-desafios-do-servico-de-acolhimento-como-missao\/#article\",\"isPartOf\":{\"@id\":\"https:\/\/ifap.org.br\/index.php\/2024\/06\/25\/dia-mundial-do-migrante-e-os-desafios-do-servico-de-acolhimento-como-missao\/\"},\"author\":{\"name\":\"ifap.org.br\",\"@id\":\"https:\/\/ifap.org.br\/#\/schema\/person\/2cf526a4d4872e0640e6655ae1f2a7ce\"},\"headline\":\"Dia Mundial do Migrante e os desafios do servi\u00e7o de acolhimento como miss\u00e3o\",\"datePublished\":\"2024-06-25T14:55:59+00:00\",\"dateModified\":\"2024-06-25T18:21:43+00:00\",\"mainEntityOfPage\":{\"@id\":\"https:\/\/ifap.org.br\/index.php\/2024\/06\/25\/dia-mundial-do-migrante-e-os-desafios-do-servico-de-acolhimento-como-missao\/\"},\"wordCount\":761,\"commentCount\":0,\"publisher\":{\"@id\":\"https:\/\/ifap.org.br\/#organization\"},\"image\":{\"@id\":\"https:\/\/ifap.org.br\/index.php\/2024\/06\/25\/dia-mundial-do-migrante-e-os-desafios-do-servico-de-acolhimento-como-missao\/#primaryimage\"},\"thumbnailUrl\":\"https:\/\/ifap.org.br\/wp-content\/uploads\/2024\/06\/Design-sem-nome-6.png\",\"articleSection\":[\"Blog\"],\"inLanguage\":\"pt-BR\",\"potentialAction\":[{\"@type\":\"CommentAction\",\"name\":\"Comment\",\"target\":[\"https:\/\/ifap.org.br\/index.php\/2024\/06\/25\/dia-mundial-do-migrante-e-os-desafios-do-servico-de-acolhimento-como-missao\/#respond\"]}]},{\"@type\":\"WebPage\",\"@id\":\"https:\/\/ifap.org.br\/index.php\/2024\/06\/25\/dia-mundial-do-migrante-e-os-desafios-do-servico-de-acolhimento-como-missao\/\",\"url\":\"https:\/\/ifap.org.br\/index.php\/2024\/06\/25\/dia-mundial-do-migrante-e-os-desafios-do-servico-de-acolhimento-como-missao\/\",\"name\":\"Dia Mundial do Migrante e os desafios do servi\u00e7o de acolhimento como miss\u00e3o - IFAP\",\"isPartOf\":{\"@id\":\"https:\/\/ifap.org.br\/#website\"},\"primaryImageOfPage\":{\"@id\":\"https:\/\/ifap.org.br\/index.php\/2024\/06\/25\/dia-mundial-do-migrante-e-os-desafios-do-servico-de-acolhimento-como-missao\/#primaryimage\"},\"image\":{\"@id\":\"https:\/\/ifap.org.br\/index.php\/2024\/06\/25\/dia-mundial-do-migrante-e-os-desafios-do-servico-de-acolhimento-como-missao\/#primaryimage\"},\"thumbnailUrl\":\"https:\/\/ifap.org.br\/wp-content\/uploads\/2024\/06\/Design-sem-nome-6.png\",\"datePublished\":\"2024-06-25T14:55:59+00:00\",\"dateModified\":\"2024-06-25T18:21:43+00:00\",\"breadcrumb\":{\"@id\":\"https:\/\/ifap.org.br\/index.php\/2024\/06\/25\/dia-mundial-do-migrante-e-os-desafios-do-servico-de-acolhimento-como-missao\/#breadcrumb\"},\"inLanguage\":\"pt-BR\",\"potentialAction\":[{\"@type\":\"ReadAction\",\"target\":[\"https:\/\/ifap.org.br\/index.php\/2024\/06\/25\/dia-mundial-do-migrante-e-os-desafios-do-servico-de-acolhimento-como-missao\/\"]}]},{\"@type\":\"ImageObject\",\"inLanguage\":\"pt-BR\",\"@id\":\"https:\/\/ifap.org.br\/index.php\/2024\/06\/25\/dia-mundial-do-migrante-e-os-desafios-do-servico-de-acolhimento-como-missao\/#primaryimage\",\"url\":\"https:\/\/ifap.org.br\/wp-content\/uploads\/2024\/06\/Design-sem-nome-6.png\",\"contentUrl\":\"https:\/\/ifap.org.br\/wp-content\/uploads\/2024\/06\/Design-sem-nome-6.png\",\"width\":1280,\"height\":838},{\"@type\":\"BreadcrumbList\",\"@id\":\"https:\/\/ifap.org.br\/index.php\/2024\/06\/25\/dia-mundial-do-migrante-e-os-desafios-do-servico-de-acolhimento-como-missao\/#breadcrumb\",\"itemListElement\":[{\"@type\":\"ListItem\",\"position\":1,\"name\":\"In\u00edcio\",\"item\":\"https:\/\/ifap.org.br\/\"},{\"@type\":\"ListItem\",\"position\":2,\"name\":\"Dia Mundial do Migrante e os desafios do servi\u00e7o de acolhimento como miss\u00e3o\"}]},{\"@type\":\"WebSite\",\"@id\":\"https:\/\/ifap.org.br\/#website\",\"url\":\"https:\/\/ifap.org.br\/\",\"name\":\"IFAP\",\"description\":\"\",\"publisher\":{\"@id\":\"https:\/\/ifap.org.br\/#organization\"},\"potentialAction\":[{\"@type\":\"SearchAction\",\"target\":{\"@type\":\"EntryPoint\",\"urlTemplate\":\"https:\/\/ifap.org.br\/?s={search_term_string}\"},\"query-input\":{\"@type\":\"PropertyValueSpecification\",\"valueRequired\":true,\"valueName\":\"search_term_string\"}}],\"inLanguage\":\"pt-BR\"},{\"@type\":\"Organization\",\"@id\":\"https:\/\/ifap.org.br\/#organization\",\"name\":\"IFAP\",\"url\":\"https:\/\/ifap.org.br\/\",\"logo\":{\"@type\":\"ImageObject\",\"inLanguage\":\"pt-BR\",\"@id\":\"https:\/\/ifap.org.br\/#\/schema\/logo\/image\/\",\"url\":\"https:\/\/ifap.org.br\/wp-content\/uploads\/2024\/03\/logo.png\",\"contentUrl\":\"https:\/\/ifap.org.br\/wp-content\/uploads\/2024\/03\/logo.png\",\"width\":185,\"height\":80,\"caption\":\"IFAP\"},\"image\":{\"@id\":\"https:\/\/ifap.org.br\/#\/schema\/logo\/image\/\"},\"sameAs\":[\"https:\/\/www.facebook.com\/irmasifap\"]},{\"@type\":\"Person\",\"@id\":\"https:\/\/ifap.org.br\/#\/schema\/person\/2cf526a4d4872e0640e6655ae1f2a7ce\",\"name\":\"ifap.org.br\",\"image\":{\"@type\":\"ImageObject\",\"inLanguage\":\"pt-BR\",\"@id\":\"https:\/\/ifap.org.br\/#\/schema\/person\/image\/\",\"url\":\"https:\/\/secure.gravatar.com\/avatar\/d7e4cf8004331a92e6e4b4d9b757577f495f629f81c5837a011c3b83930e69e2?s=96&d=mm&r=g\",\"contentUrl\":\"https:\/\/secure.gravatar.com\/avatar\/d7e4cf8004331a92e6e4b4d9b757577f495f629f81c5837a011c3b83930e69e2?s=96&d=mm&r=g\",\"caption\":\"ifap.org.br\"},\"sameAs\":[\"https:\/\/ifap.org.br\"],\"url\":\"https:\/\/ifap.org.br\/index.php\/author\/mediumturquoise-rabbit-412052-hostingersite-com\/\"}]}<\/script>\n<!-- \/ Yoast SEO plugin. -->","yoast_head_json":{"title":"Dia Mundial do Migrante e os desafios do servi\u00e7o de acolhimento como miss\u00e3o - IFAP","robots":{"index":"index","follow":"follow","max-snippet":"max-snippet:-1","max-image-preview":"max-image-preview:large","max-video-preview":"max-video-preview:-1"},"canonical":"https:\/\/ifap.org.br\/index.php\/2024\/06\/25\/dia-mundial-do-migrante-e-os-desafios-do-servico-de-acolhimento-como-missao\/","og_locale":"pt_BR","og_type":"article","og_title":"Dia Mundial do Migrante e os desafios do servi\u00e7o de acolhimento como miss\u00e3o - IFAP","og_description":"O Dia Mundial do Migrante, 25 de junho, \u00e9 uma data especial para refletir sobre a realidade e os desafios enfrentados pelos migrantes que buscam novas oportunidades no Brasil e em outras regi\u00f5es do mundo. Dados recentes do Minist\u00e9rio da Justi\u00e7a e Seguran\u00e7a P\u00fablica indicam que o Brasil abriga cerca de 1,3 milh\u00e3o de migrantes, [&hellip;]","og_url":"https:\/\/ifap.org.br\/index.php\/2024\/06\/25\/dia-mundial-do-migrante-e-os-desafios-do-servico-de-acolhimento-como-missao\/","og_site_name":"IFAP","article_publisher":"https:\/\/www.facebook.com\/irmasifap","article_published_time":"2024-06-25T14:55:59+00:00","article_modified_time":"2024-06-25T18:21:43+00:00","og_image":[{"width":1280,"height":838,"url":"https:\/\/ifap.org.br\/wp-content\/uploads\/2024\/06\/Design-sem-nome-6.png","type":"image\/png"}],"author":"ifap.org.br","twitter_card":"summary_large_image","twitter_misc":{"Escrito por":"ifap.org.br","Est. tempo de leitura":"5 minutos"},"schema":{"@context":"https:\/\/schema.org","@graph":[{"@type":"Article","@id":"https:\/\/ifap.org.br\/index.php\/2024\/06\/25\/dia-mundial-do-migrante-e-os-desafios-do-servico-de-acolhimento-como-missao\/#article","isPartOf":{"@id":"https:\/\/ifap.org.br\/index.php\/2024\/06\/25\/dia-mundial-do-migrante-e-os-desafios-do-servico-de-acolhimento-como-missao\/"},"author":{"name":"ifap.org.br","@id":"https:\/\/ifap.org.br\/#\/schema\/person\/2cf526a4d4872e0640e6655ae1f2a7ce"},"headline":"Dia Mundial do Migrante e os desafios do servi\u00e7o de acolhimento como miss\u00e3o","datePublished":"2024-06-25T14:55:59+00:00","dateModified":"2024-06-25T18:21:43+00:00","mainEntityOfPage":{"@id":"https:\/\/ifap.org.br\/index.php\/2024\/06\/25\/dia-mundial-do-migrante-e-os-desafios-do-servico-de-acolhimento-como-missao\/"},"wordCount":761,"commentCount":0,"publisher":{"@id":"https:\/\/ifap.org.br\/#organization"},"image":{"@id":"https:\/\/ifap.org.br\/index.php\/2024\/06\/25\/dia-mundial-do-migrante-e-os-desafios-do-servico-de-acolhimento-como-missao\/#primaryimage"},"thumbnailUrl":"https:\/\/ifap.org.br\/wp-content\/uploads\/2024\/06\/Design-sem-nome-6.png","articleSection":["Blog"],"inLanguage":"pt-BR","potentialAction":[{"@type":"CommentAction","name":"Comment","target":["https:\/\/ifap.org.br\/index.php\/2024\/06\/25\/dia-mundial-do-migrante-e-os-desafios-do-servico-de-acolhimento-como-missao\/#respond"]}]},{"@type":"WebPage","@id":"https:\/\/ifap.org.br\/index.php\/2024\/06\/25\/dia-mundial-do-migrante-e-os-desafios-do-servico-de-acolhimento-como-missao\/","url":"https:\/\/ifap.org.br\/index.php\/2024\/06\/25\/dia-mundial-do-migrante-e-os-desafios-do-servico-de-acolhimento-como-missao\/","name":"Dia Mundial do Migrante e os desafios do servi\u00e7o de acolhimento como miss\u00e3o - IFAP","isPartOf":{"@id":"https:\/\/ifap.org.br\/#website"},"primaryImageOfPage":{"@id":"https:\/\/ifap.org.br\/index.php\/2024\/06\/25\/dia-mundial-do-migrante-e-os-desafios-do-servico-de-acolhimento-como-missao\/#primaryimage"},"image":{"@id":"https:\/\/ifap.org.br\/index.php\/2024\/06\/25\/dia-mundial-do-migrante-e-os-desafios-do-servico-de-acolhimento-como-missao\/#primaryimage"},"thumbnailUrl":"https:\/\/ifap.org.br\/wp-content\/uploads\/2024\/06\/Design-sem-nome-6.png","datePublished":"2024-06-25T14:55:59+00:00","dateModified":"2024-06-25T18:21:43+00:00","breadcrumb":{"@id":"https:\/\/ifap.org.br\/index.php\/2024\/06\/25\/dia-mundial-do-migrante-e-os-desafios-do-servico-de-acolhimento-como-missao\/#breadcrumb"},"inLanguage":"pt-BR","potentialAction":[{"@type":"ReadAction","target":["https:\/\/ifap.org.br\/index.php\/2024\/06\/25\/dia-mundial-do-migrante-e-os-desafios-do-servico-de-acolhimento-como-missao\/"]}]},{"@type":"ImageObject","inLanguage":"pt-BR","@id":"https:\/\/ifap.org.br\/index.php\/2024\/06\/25\/dia-mundial-do-migrante-e-os-desafios-do-servico-de-acolhimento-como-missao\/#primaryimage","url":"https:\/\/ifap.org.br\/wp-content\/uploads\/2024\/06\/Design-sem-nome-6.png","contentUrl":"https:\/\/ifap.org.br\/wp-content\/uploads\/2024\/06\/Design-sem-nome-6.png","width":1280,"height":838},{"@type":"BreadcrumbList","@id":"https:\/\/ifap.org.br\/index.php\/2024\/06\/25\/dia-mundial-do-migrante-e-os-desafios-do-servico-de-acolhimento-como-missao\/#breadcrumb","itemListElement":[{"@type":"ListItem","position":1,"name":"In\u00edcio","item":"https:\/\/ifap.org.br\/"},{"@type":"ListItem","position":2,"name":"Dia Mundial do Migrante e os desafios do servi\u00e7o de acolhimento como miss\u00e3o"}]},{"@type":"WebSite","@id":"https:\/\/ifap.org.br\/#website","url":"https:\/\/ifap.org.br\/","name":"IFAP","description":"","publisher":{"@id":"https:\/\/ifap.org.br\/#organization"},"potentialAction":[{"@type":"SearchAction","target":{"@type":"EntryPoint","urlTemplate":"https:\/\/ifap.org.br\/?s={search_term_string}"},"query-input":{"@type":"PropertyValueSpecification","valueRequired":true,"valueName":"search_term_string"}}],"inLanguage":"pt-BR"},{"@type":"Organization","@id":"https:\/\/ifap.org.br\/#organization","name":"IFAP","url":"https:\/\/ifap.org.br\/","logo":{"@type":"ImageObject","inLanguage":"pt-BR","@id":"https:\/\/ifap.org.br\/#\/schema\/logo\/image\/","url":"https:\/\/ifap.org.br\/wp-content\/uploads\/2024\/03\/logo.png","contentUrl":"https:\/\/ifap.org.br\/wp-content\/uploads\/2024\/03\/logo.png","width":185,"height":80,"caption":"IFAP"},"image":{"@id":"https:\/\/ifap.org.br\/#\/schema\/logo\/image\/"},"sameAs":["https:\/\/www.facebook.com\/irmasifap"]},{"@type":"Person","@id":"https:\/\/ifap.org.br\/#\/schema\/person\/2cf526a4d4872e0640e6655ae1f2a7ce","name":"ifap.org.br","image":{"@type":"ImageObject","inLanguage":"pt-BR","@id":"https:\/\/ifap.org.br\/#\/schema\/person\/image\/","url":"https:\/\/secure.gravatar.com\/avatar\/d7e4cf8004331a92e6e4b4d9b757577f495f629f81c5837a011c3b83930e69e2?s=96&d=mm&r=g","contentUrl":"https:\/\/secure.gravatar.com\/avatar\/d7e4cf8004331a92e6e4b4d9b757577f495f629f81c5837a011c3b83930e69e2?s=96&d=mm&r=g","caption":"ifap.org.br"},"sameAs":["https:\/\/ifap.org.br"],"url":"https:\/\/ifap.org.br\/index.php\/author\/mediumturquoise-rabbit-412052-hostingersite-com\/"}]}},"_links":{"self":[{"href":"https:\/\/ifap.org.br\/index.php\/wp-json\/wp\/v2\/posts\/901","targetHints":{"allow":["GET"]}}],"collection":[{"href":"https:\/\/ifap.org.br\/index.php\/wp-json\/wp\/v2\/posts"}],"about":[{"href":"https:\/\/ifap.org.br\/index.php\/wp-json\/wp\/v2\/types\/post"}],"author":[{"embeddable":true,"href":"https:\/\/ifap.org.br\/index.php\/wp-json\/wp\/v2\/users\/1"}],"replies":[{"embeddable":true,"href":"https:\/\/ifap.org.br\/index.php\/wp-json\/wp\/v2\/comments?post=901"}],"version-history":[{"count":7,"href":"https:\/\/ifap.org.br\/index.php\/wp-json\/wp\/v2\/posts\/901\/revisions"}],"predecessor-version":[{"id":916,"href":"https:\/\/ifap.org.br\/index.php\/wp-json\/wp\/v2\/posts\/901\/revisions\/916"}],"wp:featuredmedia":[{"embeddable":true,"href":"https:\/\/ifap.org.br\/index.php\/wp-json\/wp\/v2\/media\/902"}],"wp:attachment":[{"href":"https:\/\/ifap.org.br\/index.php\/wp-json\/wp\/v2\/media?parent=901"}],"wp:term":[{"taxonomy":"category","embeddable":true,"href":"https:\/\/ifap.org.br\/index.php\/wp-json\/wp\/v2\/categories?post=901"},{"taxonomy":"post_tag","embeddable":true,"href":"https:\/\/ifap.org.br\/index.php\/wp-json\/wp\/v2\/tags?post=901"}],"curies":[{"name":"wp","href":"https:\/\/api.w.org\/{rel}","templated":true}]}}