{"id":908,"date":"2024-06-24T14:09:19","date_gmt":"2024-06-24T17:09:19","guid":{"rendered":"https:\/\/ifap.org.br\/?p=908"},"modified":"2024-06-27T16:51:19","modified_gmt":"2024-06-27T19:51:19","slug":"diocese-de-lages-promove-painel-virtual-sobre-tematica-do-grito-dos-excluidos-2024","status":"publish","type":"post","link":"https:\/\/ifap.org.br\/index.php\/2024\/06\/24\/diocese-de-lages-promove-painel-virtual-sobre-tematica-do-grito-dos-excluidos-2024\/","title":{"rendered":"Diocese de Lages promove Painel Virtual sobre tem\u00e1tica do Grito dos Exclu\u00eddos 2024"},"content":{"rendered":"\n<figure class=\"wp-block-image size-large\"><img fetchpriority=\"high\" decoding=\"async\" width=\"1024\" height=\"576\" src=\"https:\/\/ifap.org.br\/wp-content\/uploads\/2024\/06\/Imagem-do-WhatsApp-de-2024-06-21-as-18.57.29_320ce567-1024x576.jpg\" alt=\"\" class=\"wp-image-909\" srcset=\"https:\/\/ifap.org.br\/wp-content\/uploads\/2024\/06\/Imagem-do-WhatsApp-de-2024-06-21-as-18.57.29_320ce567-1024x576.jpg 1024w, https:\/\/ifap.org.br\/wp-content\/uploads\/2024\/06\/Imagem-do-WhatsApp-de-2024-06-21-as-18.57.29_320ce567-300x169.jpg 300w, https:\/\/ifap.org.br\/wp-content\/uploads\/2024\/06\/Imagem-do-WhatsApp-de-2024-06-21-as-18.57.29_320ce567-768x432.jpg 768w, https:\/\/ifap.org.br\/wp-content\/uploads\/2024\/06\/Imagem-do-WhatsApp-de-2024-06-21-as-18.57.29_320ce567.jpg 1279w\" sizes=\"(max-width: 1024px) 100vw, 1024px\" \/><\/figure>\n\n\n\n<p>No dia 21 de junho, a articula\u00e7\u00e3o das Pastorais Sociais da Diocese de Lages promoveram um Painel Virtual com o tema do Grito dos Exclu\u00eddos 2024, &#8220;Todas as formas de vida importam! Mas quem se importa?&#8221;. O evento aconteceu no formato on-line, transmitido pelas redes sociais da Diocese, e reuniu diversos participantes para discutir a import\u00e2ncia da vida e da justi\u00e7a social.<\/p>\n\n\n\n<h3 class=\"wp-block-heading\">Destaques do Evento<\/h3>\n\n\n\n<p>De acordo com a irm\u00e3 Iandra Jackline Conrado, da Irmandade Nossa Senhora do Ros\u00e1rio e articuladora das Pastorais Sociais da Diocese de Lages, o objetivo do Grito dos Exclu\u00eddos \u00e9 amplificar as vozes das popula\u00e7\u00f5es marginalizadas e discutir pol\u00edticas p\u00fablicas que assegurem a dignidade humana. &#8220;Este ano, celebrando 30 anos de luta e resist\u00eancia, o evento enfatiza a necessidade de a\u00e7\u00f5es concretas para construir uma sociedade inclusiva e justa&#8221;, destacou a irm\u00e3.<\/p>\n\n\n\n<blockquote class=\"wp-block-quote is-layout-flow wp-block-quote-is-layout-flow\">\n<p>&#8220;O lema do Grito neste ano nos convida \u00e0 reflex\u00e3o de que todas as formas de vida importam. Mas a verdadeira quest\u00e3o \u00e9: quem se importa o suficiente para agir?. Com este painel queremos incentivar a mobiliza\u00e7\u00e3o em prol dos mais vulner\u00e1veis, promovendo justi\u00e7a, miseric\u00f3rdia e compaix\u00e3o&#8221;, concluiu irm\u00e3 Iandra.<\/p>\n<\/blockquote>\n\n\n\n<h3 class=\"wp-block-heading\">Pain\u00e9is<\/h3>\n\n\n\n<p>O evento contou com a participa\u00e7\u00e3o de diversos especialistas, que tiveram at\u00e9 10 minutos de fala sobre temas que envolvem a tem\u00e1tica proposta pelo Grito na edi\u00e7\u00e3o de 2024: <\/p>\n\n\n\n<ul class=\"wp-block-list\">\n<li><strong>Ir. Iandra Jackline Conrado<\/strong> &#8211; Abertura, articuladora das Pastorais Sociais Diocesanas<\/li>\n\n\n\n<li><strong>Dom Guilherme Antonio Werlang<\/strong> &#8211; Bispo Diocesano<\/li>\n\n\n\n<li><strong>Dra. Patr\u00edcia Pereira de Sant\u2019Ana<\/strong> &#8211; Ju\u00edza da 1\u00aa Vara do Trabalho de Lages<\/li>\n\n\n\n<li><strong>Ir. Maria Dilva da Silva<\/strong> &#8211; Pastoral Carcer\u00e1ria<\/li>\n\n\n\n<li><strong>Ideli Salvatti<\/strong> &#8211; Instituto Movimento Humaniza\/SC<\/li>\n\n\n\n<li><strong>Claudia Regina da Silva Bassin<\/strong> &#8211; Secret\u00e1ria de Assist\u00eancia Social de Lages<\/li>\n\n\n\n<li><strong>Rodrigo da Silva Wolfart<\/strong> &#8211; Instituto Catarinense<\/li>\n\n\n\n<li><strong>Valter Chaves e S\u00e9rgio Chaves <\/strong> &#8211; Participantes do Projeto Incluir<\/li>\n\n\n\n<li><strong>Jardel Neves Lopes<\/strong> &#8211; Secret\u00e1rio Executivo do Centro Nacional de F\u00e9 e Pol\u00edtica Dom Helder C\u00e2mara e Assessor da Comiss\u00e3o para o Laicato \u2013 CNBB<\/li>\n\n\n\n<li><strong>Padre \u00c1lvaro Emanoel da Silva<\/strong> &#8211; Coordenador Diocesano de Pastoral<\/li>\n\n\n\n<li><strong>Adriana Palumbo<\/strong> &#8211; Moderadora do painel<\/li>\n<\/ul>\n\n\n\n<p>A mensagem central do evento foi a import\u00e2ncia de a\u00e7\u00f5es solid\u00e1rias e concretas para proteger e promover a dignidade de todos os seres, especialmente os mais vulner\u00e1veis. O Grito dos Exclu\u00eddos refor\u00e7a o compromisso com a justi\u00e7a social, a inclus\u00e3o e a constru\u00e7\u00e3o de uma sociedade verdadeiramente humana.<\/p>\n\n\n\n<p>Assista o painel na \u00edntegra no v\u00eddeo abaixo:<\/p>\n\n\n\n<figure class=\"wp-block-embed is-type-video is-provider-youtube wp-block-embed-youtube wp-embed-aspect-16-9 wp-has-aspect-ratio\"><div class=\"wp-block-embed__wrapper\">\n<iframe title=\"Painel Virtual  - Todas as formas de vida importam! Mas quem se importa?\" width=\"800\" height=\"450\" src=\"https:\/\/www.youtube.com\/embed\/-QuWc9pThVU?feature=oembed\" frameborder=\"0\" allow=\"accelerometer; autoplay; clipboard-write; encrypted-media; gyroscope; picture-in-picture; web-share\" referrerpolicy=\"strict-origin-when-cross-origin\" allowfullscreen><\/iframe>\n<\/div><\/figure>\n","protected":false},"excerpt":{"rendered":"<p>No dia 21 de junho, a articula\u00e7\u00e3o das Pastorais Sociais da Diocese de Lages promoveram um Painel Virtual com o tema do Grito dos Exclu\u00eddos 2024, &#8220;Todas as formas de vida importam! Mas quem se importa?&#8221;. O evento aconteceu no formato on-line, transmitido pelas redes sociais da Diocese, e reuniu diversos participantes para discutir a [&hellip;]<\/p>\n","protected":false},"author":1,"featured_media":909,"comment_status":"open","ping_status":"open","sticky":false,"template":"","format":"standard","meta":{"_monsterinsights_skip_tracking":false,"_monsterinsights_sitenote_active":false,"_monsterinsights_sitenote_note":"","_monsterinsights_sitenote_category":0,"footnotes":""},"categories":[1],"tags":[],"class_list":["post-908","post","type-post","status-publish","format-standard","has-post-thumbnail","hentry","category-blog"],"yoast_head":"<!-- This site is optimized with the Yoast SEO plugin v25.8 - https:\/\/yoast.com\/wordpress\/plugins\/seo\/ -->\n<title>Diocese de Lages promove Painel Virtual sobre tem\u00e1tica do Grito dos Exclu\u00eddos 2024 - IFAP<\/title>\n<meta name=\"robots\" content=\"index, follow, max-snippet:-1, max-image-preview:large, max-video-preview:-1\" \/>\n<link rel=\"canonical\" href=\"https:\/\/ifap.org.br\/index.php\/2024\/06\/24\/diocese-de-lages-promove-painel-virtual-sobre-tematica-do-grito-dos-excluidos-2024\/\" \/>\n<meta property=\"og:locale\" content=\"pt_BR\" \/>\n<meta property=\"og:type\" content=\"article\" \/>\n<meta property=\"og:title\" content=\"Diocese de Lages promove Painel Virtual sobre tem\u00e1tica do Grito dos Exclu\u00eddos 2024 - IFAP\" \/>\n<meta property=\"og:description\" content=\"No dia 21 de junho, a articula\u00e7\u00e3o das Pastorais Sociais da Diocese de Lages promoveram um Painel Virtual com o tema do Grito dos Exclu\u00eddos 2024, &#8220;Todas as formas de vida importam! Mas quem se importa?&#8221;. O evento aconteceu no formato on-line, transmitido pelas redes sociais da Diocese, e reuniu diversos participantes para discutir a [&hellip;]\" \/>\n<meta property=\"og:url\" content=\"https:\/\/ifap.org.br\/index.php\/2024\/06\/24\/diocese-de-lages-promove-painel-virtual-sobre-tematica-do-grito-dos-excluidos-2024\/\" \/>\n<meta property=\"og:site_name\" content=\"IFAP\" \/>\n<meta property=\"article:publisher\" content=\"https:\/\/www.facebook.com\/irmasifap\" \/>\n<meta property=\"article:published_time\" content=\"2024-06-24T17:09:19+00:00\" \/>\n<meta property=\"article:modified_time\" content=\"2024-06-27T19:51:19+00:00\" \/>\n<meta property=\"og:image\" content=\"https:\/\/ifap.org.br\/wp-content\/uploads\/2024\/06\/Imagem-do-WhatsApp-de-2024-06-21-as-18.57.29_320ce567.jpg\" \/>\n\t<meta property=\"og:image:width\" content=\"1279\" \/>\n\t<meta property=\"og:image:height\" content=\"719\" \/>\n\t<meta property=\"og:image:type\" content=\"image\/jpeg\" \/>\n<meta name=\"author\" content=\"ifap.org.br\" \/>\n<meta name=\"twitter:card\" content=\"summary_large_image\" \/>\n<meta name=\"twitter:label1\" content=\"Escrito por\" \/>\n\t<meta name=\"twitter:data1\" content=\"ifap.org.br\" \/>\n\t<meta name=\"twitter:label2\" content=\"Est. tempo de leitura\" \/>\n\t<meta name=\"twitter:data2\" content=\"3 minutos\" \/>\n<script type=\"application\/ld+json\" class=\"yoast-schema-graph\">{\"@context\":\"https:\/\/schema.org\",\"@graph\":[{\"@type\":\"Article\",\"@id\":\"https:\/\/ifap.org.br\/index.php\/2024\/06\/24\/diocese-de-lages-promove-painel-virtual-sobre-tematica-do-grito-dos-excluidos-2024\/#article\",\"isPartOf\":{\"@id\":\"https:\/\/ifap.org.br\/index.php\/2024\/06\/24\/diocese-de-lages-promove-painel-virtual-sobre-tematica-do-grito-dos-excluidos-2024\/\"},\"author\":{\"name\":\"ifap.org.br\",\"@id\":\"https:\/\/ifap.org.br\/#\/schema\/person\/2cf526a4d4872e0640e6655ae1f2a7ce\"},\"headline\":\"Diocese de Lages promove Painel Virtual sobre tem\u00e1tica do Grito dos Exclu\u00eddos 2024\",\"datePublished\":\"2024-06-24T17:09:19+00:00\",\"dateModified\":\"2024-06-27T19:51:19+00:00\",\"mainEntityOfPage\":{\"@id\":\"https:\/\/ifap.org.br\/index.php\/2024\/06\/24\/diocese-de-lages-promove-painel-virtual-sobre-tematica-do-grito-dos-excluidos-2024\/\"},\"wordCount\":445,\"commentCount\":0,\"publisher\":{\"@id\":\"https:\/\/ifap.org.br\/#organization\"},\"image\":{\"@id\":\"https:\/\/ifap.org.br\/index.php\/2024\/06\/24\/diocese-de-lages-promove-painel-virtual-sobre-tematica-do-grito-dos-excluidos-2024\/#primaryimage\"},\"thumbnailUrl\":\"https:\/\/ifap.org.br\/wp-content\/uploads\/2024\/06\/Imagem-do-WhatsApp-de-2024-06-21-as-18.57.29_320ce567.jpg\",\"articleSection\":[\"Blog\"],\"inLanguage\":\"pt-BR\",\"potentialAction\":[{\"@type\":\"CommentAction\",\"name\":\"Comment\",\"target\":[\"https:\/\/ifap.org.br\/index.php\/2024\/06\/24\/diocese-de-lages-promove-painel-virtual-sobre-tematica-do-grito-dos-excluidos-2024\/#respond\"]}]},{\"@type\":\"WebPage\",\"@id\":\"https:\/\/ifap.org.br\/index.php\/2024\/06\/24\/diocese-de-lages-promove-painel-virtual-sobre-tematica-do-grito-dos-excluidos-2024\/\",\"url\":\"https:\/\/ifap.org.br\/index.php\/2024\/06\/24\/diocese-de-lages-promove-painel-virtual-sobre-tematica-do-grito-dos-excluidos-2024\/\",\"name\":\"Diocese de Lages promove Painel Virtual sobre tem\u00e1tica do Grito dos Exclu\u00eddos 2024 - IFAP\",\"isPartOf\":{\"@id\":\"https:\/\/ifap.org.br\/#website\"},\"primaryImageOfPage\":{\"@id\":\"https:\/\/ifap.org.br\/index.php\/2024\/06\/24\/diocese-de-lages-promove-painel-virtual-sobre-tematica-do-grito-dos-excluidos-2024\/#primaryimage\"},\"image\":{\"@id\":\"https:\/\/ifap.org.br\/index.php\/2024\/06\/24\/diocese-de-lages-promove-painel-virtual-sobre-tematica-do-grito-dos-excluidos-2024\/#primaryimage\"},\"thumbnailUrl\":\"https:\/\/ifap.org.br\/wp-content\/uploads\/2024\/06\/Imagem-do-WhatsApp-de-2024-06-21-as-18.57.29_320ce567.jpg\",\"datePublished\":\"2024-06-24T17:09:19+00:00\",\"dateModified\":\"2024-06-27T19:51:19+00:00\",\"breadcrumb\":{\"@id\":\"https:\/\/ifap.org.br\/index.php\/2024\/06\/24\/diocese-de-lages-promove-painel-virtual-sobre-tematica-do-grito-dos-excluidos-2024\/#breadcrumb\"},\"inLanguage\":\"pt-BR\",\"potentialAction\":[{\"@type\":\"ReadAction\",\"target\":[\"https:\/\/ifap.org.br\/index.php\/2024\/06\/24\/diocese-de-lages-promove-painel-virtual-sobre-tematica-do-grito-dos-excluidos-2024\/\"]}]},{\"@type\":\"ImageObject\",\"inLanguage\":\"pt-BR\",\"@id\":\"https:\/\/ifap.org.br\/index.php\/2024\/06\/24\/diocese-de-lages-promove-painel-virtual-sobre-tematica-do-grito-dos-excluidos-2024\/#primaryimage\",\"url\":\"https:\/\/ifap.org.br\/wp-content\/uploads\/2024\/06\/Imagem-do-WhatsApp-de-2024-06-21-as-18.57.29_320ce567.jpg\",\"contentUrl\":\"https:\/\/ifap.org.br\/wp-content\/uploads\/2024\/06\/Imagem-do-WhatsApp-de-2024-06-21-as-18.57.29_320ce567.jpg\",\"width\":1279,\"height\":719},{\"@type\":\"BreadcrumbList\",\"@id\":\"https:\/\/ifap.org.br\/index.php\/2024\/06\/24\/diocese-de-lages-promove-painel-virtual-sobre-tematica-do-grito-dos-excluidos-2024\/#breadcrumb\",\"itemListElement\":[{\"@type\":\"ListItem\",\"position\":1,\"name\":\"In\u00edcio\",\"item\":\"https:\/\/ifap.org.br\/\"},{\"@type\":\"ListItem\",\"position\":2,\"name\":\"Diocese de Lages promove Painel Virtual sobre tem\u00e1tica do Grito dos Exclu\u00eddos 2024\"}]},{\"@type\":\"WebSite\",\"@id\":\"https:\/\/ifap.org.br\/#website\",\"url\":\"https:\/\/ifap.org.br\/\",\"name\":\"IFAP\",\"description\":\"\",\"publisher\":{\"@id\":\"https:\/\/ifap.org.br\/#organization\"},\"potentialAction\":[{\"@type\":\"SearchAction\",\"target\":{\"@type\":\"EntryPoint\",\"urlTemplate\":\"https:\/\/ifap.org.br\/?s={search_term_string}\"},\"query-input\":{\"@type\":\"PropertyValueSpecification\",\"valueRequired\":true,\"valueName\":\"search_term_string\"}}],\"inLanguage\":\"pt-BR\"},{\"@type\":\"Organization\",\"@id\":\"https:\/\/ifap.org.br\/#organization\",\"name\":\"IFAP\",\"url\":\"https:\/\/ifap.org.br\/\",\"logo\":{\"@type\":\"ImageObject\",\"inLanguage\":\"pt-BR\",\"@id\":\"https:\/\/ifap.org.br\/#\/schema\/logo\/image\/\",\"url\":\"https:\/\/ifap.org.br\/wp-content\/uploads\/2024\/03\/logo.png\",\"contentUrl\":\"https:\/\/ifap.org.br\/wp-content\/uploads\/2024\/03\/logo.png\",\"width\":185,\"height\":80,\"caption\":\"IFAP\"},\"image\":{\"@id\":\"https:\/\/ifap.org.br\/#\/schema\/logo\/image\/\"},\"sameAs\":[\"https:\/\/www.facebook.com\/irmasifap\"]},{\"@type\":\"Person\",\"@id\":\"https:\/\/ifap.org.br\/#\/schema\/person\/2cf526a4d4872e0640e6655ae1f2a7ce\",\"name\":\"ifap.org.br\",\"image\":{\"@type\":\"ImageObject\",\"inLanguage\":\"pt-BR\",\"@id\":\"https:\/\/ifap.org.br\/#\/schema\/person\/image\/\",\"url\":\"https:\/\/secure.gravatar.com\/avatar\/d7e4cf8004331a92e6e4b4d9b757577f495f629f81c5837a011c3b83930e69e2?s=96&d=mm&r=g\",\"contentUrl\":\"https:\/\/secure.gravatar.com\/avatar\/d7e4cf8004331a92e6e4b4d9b757577f495f629f81c5837a011c3b83930e69e2?s=96&d=mm&r=g\",\"caption\":\"ifap.org.br\"},\"sameAs\":[\"https:\/\/ifap.org.br\"],\"url\":\"https:\/\/ifap.org.br\/index.php\/author\/mediumturquoise-rabbit-412052-hostingersite-com\/\"}]}<\/script>\n<!-- \/ Yoast SEO plugin. -->","yoast_head_json":{"title":"Diocese de Lages promove Painel Virtual sobre tem\u00e1tica do Grito dos Exclu\u00eddos 2024 - IFAP","robots":{"index":"index","follow":"follow","max-snippet":"max-snippet:-1","max-image-preview":"max-image-preview:large","max-video-preview":"max-video-preview:-1"},"canonical":"https:\/\/ifap.org.br\/index.php\/2024\/06\/24\/diocese-de-lages-promove-painel-virtual-sobre-tematica-do-grito-dos-excluidos-2024\/","og_locale":"pt_BR","og_type":"article","og_title":"Diocese de Lages promove Painel Virtual sobre tem\u00e1tica do Grito dos Exclu\u00eddos 2024 - IFAP","og_description":"No dia 21 de junho, a articula\u00e7\u00e3o das Pastorais Sociais da Diocese de Lages promoveram um Painel Virtual com o tema do Grito dos Exclu\u00eddos 2024, &#8220;Todas as formas de vida importam! Mas quem se importa?&#8221;. O evento aconteceu no formato on-line, transmitido pelas redes sociais da Diocese, e reuniu diversos participantes para discutir a [&hellip;]","og_url":"https:\/\/ifap.org.br\/index.php\/2024\/06\/24\/diocese-de-lages-promove-painel-virtual-sobre-tematica-do-grito-dos-excluidos-2024\/","og_site_name":"IFAP","article_publisher":"https:\/\/www.facebook.com\/irmasifap","article_published_time":"2024-06-24T17:09:19+00:00","article_modified_time":"2024-06-27T19:51:19+00:00","og_image":[{"width":1279,"height":719,"url":"https:\/\/ifap.org.br\/wp-content\/uploads\/2024\/06\/Imagem-do-WhatsApp-de-2024-06-21-as-18.57.29_320ce567.jpg","type":"image\/jpeg"}],"author":"ifap.org.br","twitter_card":"summary_large_image","twitter_misc":{"Escrito por":"ifap.org.br","Est. tempo de leitura":"3 minutos"},"schema":{"@context":"https:\/\/schema.org","@graph":[{"@type":"Article","@id":"https:\/\/ifap.org.br\/index.php\/2024\/06\/24\/diocese-de-lages-promove-painel-virtual-sobre-tematica-do-grito-dos-excluidos-2024\/#article","isPartOf":{"@id":"https:\/\/ifap.org.br\/index.php\/2024\/06\/24\/diocese-de-lages-promove-painel-virtual-sobre-tematica-do-grito-dos-excluidos-2024\/"},"author":{"name":"ifap.org.br","@id":"https:\/\/ifap.org.br\/#\/schema\/person\/2cf526a4d4872e0640e6655ae1f2a7ce"},"headline":"Diocese de Lages promove Painel Virtual sobre tem\u00e1tica do Grito dos Exclu\u00eddos 2024","datePublished":"2024-06-24T17:09:19+00:00","dateModified":"2024-06-27T19:51:19+00:00","mainEntityOfPage":{"@id":"https:\/\/ifap.org.br\/index.php\/2024\/06\/24\/diocese-de-lages-promove-painel-virtual-sobre-tematica-do-grito-dos-excluidos-2024\/"},"wordCount":445,"commentCount":0,"publisher":{"@id":"https:\/\/ifap.org.br\/#organization"},"image":{"@id":"https:\/\/ifap.org.br\/index.php\/2024\/06\/24\/diocese-de-lages-promove-painel-virtual-sobre-tematica-do-grito-dos-excluidos-2024\/#primaryimage"},"thumbnailUrl":"https:\/\/ifap.org.br\/wp-content\/uploads\/2024\/06\/Imagem-do-WhatsApp-de-2024-06-21-as-18.57.29_320ce567.jpg","articleSection":["Blog"],"inLanguage":"pt-BR","potentialAction":[{"@type":"CommentAction","name":"Comment","target":["https:\/\/ifap.org.br\/index.php\/2024\/06\/24\/diocese-de-lages-promove-painel-virtual-sobre-tematica-do-grito-dos-excluidos-2024\/#respond"]}]},{"@type":"WebPage","@id":"https:\/\/ifap.org.br\/index.php\/2024\/06\/24\/diocese-de-lages-promove-painel-virtual-sobre-tematica-do-grito-dos-excluidos-2024\/","url":"https:\/\/ifap.org.br\/index.php\/2024\/06\/24\/diocese-de-lages-promove-painel-virtual-sobre-tematica-do-grito-dos-excluidos-2024\/","name":"Diocese de Lages promove Painel Virtual sobre tem\u00e1tica do Grito dos Exclu\u00eddos 2024 - IFAP","isPartOf":{"@id":"https:\/\/ifap.org.br\/#website"},"primaryImageOfPage":{"@id":"https:\/\/ifap.org.br\/index.php\/2024\/06\/24\/diocese-de-lages-promove-painel-virtual-sobre-tematica-do-grito-dos-excluidos-2024\/#primaryimage"},"image":{"@id":"https:\/\/ifap.org.br\/index.php\/2024\/06\/24\/diocese-de-lages-promove-painel-virtual-sobre-tematica-do-grito-dos-excluidos-2024\/#primaryimage"},"thumbnailUrl":"https:\/\/ifap.org.br\/wp-content\/uploads\/2024\/06\/Imagem-do-WhatsApp-de-2024-06-21-as-18.57.29_320ce567.jpg","datePublished":"2024-06-24T17:09:19+00:00","dateModified":"2024-06-27T19:51:19+00:00","breadcrumb":{"@id":"https:\/\/ifap.org.br\/index.php\/2024\/06\/24\/diocese-de-lages-promove-painel-virtual-sobre-tematica-do-grito-dos-excluidos-2024\/#breadcrumb"},"inLanguage":"pt-BR","potentialAction":[{"@type":"ReadAction","target":["https:\/\/ifap.org.br\/index.php\/2024\/06\/24\/diocese-de-lages-promove-painel-virtual-sobre-tematica-do-grito-dos-excluidos-2024\/"]}]},{"@type":"ImageObject","inLanguage":"pt-BR","@id":"https:\/\/ifap.org.br\/index.php\/2024\/06\/24\/diocese-de-lages-promove-painel-virtual-sobre-tematica-do-grito-dos-excluidos-2024\/#primaryimage","url":"https:\/\/ifap.org.br\/wp-content\/uploads\/2024\/06\/Imagem-do-WhatsApp-de-2024-06-21-as-18.57.29_320ce567.jpg","contentUrl":"https:\/\/ifap.org.br\/wp-content\/uploads\/2024\/06\/Imagem-do-WhatsApp-de-2024-06-21-as-18.57.29_320ce567.jpg","width":1279,"height":719},{"@type":"BreadcrumbList","@id":"https:\/\/ifap.org.br\/index.php\/2024\/06\/24\/diocese-de-lages-promove-painel-virtual-sobre-tematica-do-grito-dos-excluidos-2024\/#breadcrumb","itemListElement":[{"@type":"ListItem","position":1,"name":"In\u00edcio","item":"https:\/\/ifap.org.br\/"},{"@type":"ListItem","position":2,"name":"Diocese de Lages promove Painel Virtual sobre tem\u00e1tica do Grito dos Exclu\u00eddos 2024"}]},{"@type":"WebSite","@id":"https:\/\/ifap.org.br\/#website","url":"https:\/\/ifap.org.br\/","name":"IFAP","description":"","publisher":{"@id":"https:\/\/ifap.org.br\/#organization"},"potentialAction":[{"@type":"SearchAction","target":{"@type":"EntryPoint","urlTemplate":"https:\/\/ifap.org.br\/?s={search_term_string}"},"query-input":{"@type":"PropertyValueSpecification","valueRequired":true,"valueName":"search_term_string"}}],"inLanguage":"pt-BR"},{"@type":"Organization","@id":"https:\/\/ifap.org.br\/#organization","name":"IFAP","url":"https:\/\/ifap.org.br\/","logo":{"@type":"ImageObject","inLanguage":"pt-BR","@id":"https:\/\/ifap.org.br\/#\/schema\/logo\/image\/","url":"https:\/\/ifap.org.br\/wp-content\/uploads\/2024\/03\/logo.png","contentUrl":"https:\/\/ifap.org.br\/wp-content\/uploads\/2024\/03\/logo.png","width":185,"height":80,"caption":"IFAP"},"image":{"@id":"https:\/\/ifap.org.br\/#\/schema\/logo\/image\/"},"sameAs":["https:\/\/www.facebook.com\/irmasifap"]},{"@type":"Person","@id":"https:\/\/ifap.org.br\/#\/schema\/person\/2cf526a4d4872e0640e6655ae1f2a7ce","name":"ifap.org.br","image":{"@type":"ImageObject","inLanguage":"pt-BR","@id":"https:\/\/ifap.org.br\/#\/schema\/person\/image\/","url":"https:\/\/secure.gravatar.com\/avatar\/d7e4cf8004331a92e6e4b4d9b757577f495f629f81c5837a011c3b83930e69e2?s=96&d=mm&r=g","contentUrl":"https:\/\/secure.gravatar.com\/avatar\/d7e4cf8004331a92e6e4b4d9b757577f495f629f81c5837a011c3b83930e69e2?s=96&d=mm&r=g","caption":"ifap.org.br"},"sameAs":["https:\/\/ifap.org.br"],"url":"https:\/\/ifap.org.br\/index.php\/author\/mediumturquoise-rabbit-412052-hostingersite-com\/"}]}},"_links":{"self":[{"href":"https:\/\/ifap.org.br\/index.php\/wp-json\/wp\/v2\/posts\/908","targetHints":{"allow":["GET"]}}],"collection":[{"href":"https:\/\/ifap.org.br\/index.php\/wp-json\/wp\/v2\/posts"}],"about":[{"href":"https:\/\/ifap.org.br\/index.php\/wp-json\/wp\/v2\/types\/post"}],"author":[{"embeddable":true,"href":"https:\/\/ifap.org.br\/index.php\/wp-json\/wp\/v2\/users\/1"}],"replies":[{"embeddable":true,"href":"https:\/\/ifap.org.br\/index.php\/wp-json\/wp\/v2\/comments?post=908"}],"version-history":[{"count":4,"href":"https:\/\/ifap.org.br\/index.php\/wp-json\/wp\/v2\/posts\/908\/revisions"}],"predecessor-version":[{"id":921,"href":"https:\/\/ifap.org.br\/index.php\/wp-json\/wp\/v2\/posts\/908\/revisions\/921"}],"wp:featuredmedia":[{"embeddable":true,"href":"https:\/\/ifap.org.br\/index.php\/wp-json\/wp\/v2\/media\/909"}],"wp:attachment":[{"href":"https:\/\/ifap.org.br\/index.php\/wp-json\/wp\/v2\/media?parent=908"}],"wp:term":[{"taxonomy":"category","embeddable":true,"href":"https:\/\/ifap.org.br\/index.php\/wp-json\/wp\/v2\/categories?post=908"},{"taxonomy":"post_tag","embeddable":true,"href":"https:\/\/ifap.org.br\/index.php\/wp-json\/wp\/v2\/tags?post=908"}],"curies":[{"name":"wp","href":"https:\/\/api.w.org\/{rel}","templated":true}]}}